{"id":1026,"date":"2015-09-08T13:10:32","date_gmt":"2015-09-08T11:10:32","guid":{"rendered":"https:\/\/javierperezvilla.com\/?p=1026"},"modified":"2015-09-08T13:10:32","modified_gmt":"2015-09-08T11:10:32","slug":"el-tad-inhabilita-a-jose-luis-escanuela","status":"publish","type":"post","link":"https:\/\/javierperezvilla.com\/?p=1026","title":{"rendered":"El TAD inhabilita a Jos\u00e9 Luis Esca\u00f1uela"},"content":{"rendered":"<p style=\"text-align:justify;\">Jos\u00e9 Luis Esca\u00f1uela, quien fuera presidente de la Real Federaci\u00f3n Espa\u00f1ola de Tenis, ha sido inhabilitado durante\u00a0dos a\u00f1os para ocupar cargos, seg\u00fan la resoluci\u00f3n dictada por el Tribunal Administrativo del Deporte.<\/p>\n<p style=\"text-align:justify;\">Meses atr\u00e1s, el TAD abri\u00f3 un expediente disciplinario a petici\u00f3n de Miguel Cardenal, presidente del Consejo Superior de Deportes, tras incumplir de manera reiterada los requerimientos del CSD, al negarse Esca\u00f1uela a remitir informaci\u00f3n sobre las cuentas de la organizaci\u00f3n que\u00a0se le solicitaban para auditarlas.<\/p>\n<p style=\"text-align:justify;\">As\u00ed de esta manera, el TAD, ampar\u00e1ndose en los art\u00edculos 76.4a) de la Ley del Deporte 18a) del Real Decreto 1992 de Disciplina Deportiva, y en los Estatutos de la Real Federaci\u00f3n Espa\u00f1ola de Tenis, basa su decisi\u00f3n de inhabilitar al expresidente por la comisi\u00f3n de una infracci\u00f3n grave al incumplir las instrucciones de los \u00f3rganos deportivos competentes.<\/p>\n<div style=\"text-align:justify;\">\u00a0Javier P\u00e9rez Villa<\/div>\n<div id=\"ebzNative\"><\/div>\n","protected":false},"excerpt":{"rendered":"<p>Jos\u00e9 Luis Esca\u00f1uela, quien fuera presidente de la Real Federaci\u00f3n Espa\u00f1ola de Tenis, ha sido inhabilitado durante\u00a0dos a\u00f1os para ocupar cargos, seg\u00fan la resoluci\u00f3n dictada por el Tribunal Administrativo del Deporte. Meses atr\u00e1s, el TAD abri\u00f3 un expediente disciplinario a petici\u00f3n de Miguel Cardenal, presidente&nbsp;<a class=\"read-more\" href=\"https:\/\/javierperezvilla.com\/?p=1026\">Leer m\u00e1s<\/a><\/p>\n","protected":false},"author":1,"featured_media":0,"comment_status":"open","ping_status":"open","sticky":false,"template":"","format":"standard","meta":{"footnotes":""},"categories":[79],"tags":[3,89,90,91],"class_list":["post-1026","post","type-post","status-publish","format-standard","hentry","category-noticias-derecho-deportivo","tag-derecho-deportivo-2","tag-resoluciones-2","tag-rfet","tag-tad"],"_links":{"self":[{"href":"https:\/\/javierperezvilla.com\/index.php?rest_route=\/wp\/v2\/posts\/1026","targetHints":{"allow":["GET"]}}],"collection":[{"href":"https:\/\/javierperezvilla.com\/index.php?rest_route=\/wp\/v2\/posts"}],"about":[{"href":"https:\/\/javierperezvilla.com\/index.php?rest_route=\/wp\/v2\/types\/post"}],"author":[{"embeddable":true,"href":"https:\/\/javierperezvilla.com\/index.php?rest_route=\/wp\/v2\/users\/1"}],"replies":[{"embeddable":true,"href":"https:\/\/javierperezvilla.com\/index.php?rest_route=%2Fwp%2Fv2%2Fcomments&post=1026"}],"version-history":[{"count":0,"href":"https:\/\/javierperezvilla.com\/index.php?rest_route=\/wp\/v2\/posts\/1026\/revisions"}],"wp:attachment":[{"href":"https:\/\/javierperezvilla.com\/index.php?rest_route=%2Fwp%2Fv2%2Fmedia&parent=1026"}],"wp:term":[{"taxonomy":"category","embeddable":true,"href":"https:\/\/javierperezvilla.com\/index.php?rest_route=%2Fwp%2Fv2%2Fcategories&post=1026"},{"taxonomy":"post_tag","embeddable":true,"href":"https:\/\/javierperezvilla.com\/index.php?rest_route=%2Fwp%2Fv2%2Ftags&post=1026"}],"curies":[{"name":"wp","href":"https:\/\/api.w.org\/{rel}","templated":true}]}}