{"id":1078,"date":"2015-09-18T08:30:59","date_gmt":"2015-09-18T06:30:59","guid":{"rendered":"https:\/\/javierperezvilla.com\/?p=1078"},"modified":"2015-09-18T08:30:59","modified_gmt":"2015-09-18T06:30:59","slug":"constituida-la-asociacion-espanola-de-mediacion-deportiva","status":"publish","type":"post","link":"https:\/\/javierperezvilla.com\/?p=1078","title":{"rendered":"Constituida la Asociaci\u00f3n Espa\u00f1ola de Mediaci\u00f3n Deportiva"},"content":{"rendered":"<p style=\"text-align:justify;\">El pasado d\u00eda 7 de septiembre tuvo lugar el acto de constituci\u00f3n de la <strong>Asociaci\u00f3n Espa\u00f1ola de Mediaci\u00f3n deportiva<\/strong>.<\/p>\n<p style=\"text-align:justify;\">La Asociaci\u00f3n Espa\u00f1ola de Mediaci\u00f3n Deportiva est\u00e1 formada por profesionales de distintos \u00e1mbitos, y presidida por D. Jos\u00e9 S\u00e1nchez Parra.<\/p>\n<p style=\"text-align:justify;\">Mediante esta nueva asociaci\u00f3n,\u00a0esperamos poder dar una mayor difusi\u00f3n a la mediaci\u00f3n como forma de resoluci\u00f3n de conflictos dentro del deporte y promover la figura del mediador deportivo a la hora de resolver controversias de forma extrajudicial y flexible.<\/p>\n<p style=\"text-align:justify;\">El correo electr\u00f3nico de contacto con la Asociaci\u00f3n es <strong>mediaci\u00f3ndeportiva@yahoo.com.<\/strong><\/p>\n<p style=\"text-align:justify;\"><strong>Javier P\u00e9rez Villa<\/strong><\/p>\n","protected":false},"excerpt":{"rendered":"<p>El pasado d\u00eda 7 de septiembre tuvo lugar el acto de constituci\u00f3n de la Asociaci\u00f3n Espa\u00f1ola de Mediaci\u00f3n deportiva. La Asociaci\u00f3n Espa\u00f1ola de Mediaci\u00f3n Deportiva est\u00e1 formada por profesionales de distintos \u00e1mbitos, y presidida por D. Jos\u00e9 S\u00e1nchez Parra. Mediante esta nueva asociaci\u00f3n,\u00a0esperamos poder dar&nbsp;<a class=\"read-more\" href=\"https:\/\/javierperezvilla.com\/?p=1078\">Leer m\u00e1s<\/a><\/p>\n","protected":false},"author":1,"featured_media":0,"comment_status":"open","ping_status":"open","sticky":false,"template":"","format":"gallery","meta":{"footnotes":""},"categories":[79],"tags":[3,57,54,7],"class_list":["post-1078","post","type-post","status-publish","format-gallery","hentry","category-noticias-derecho-deportivo","tag-derecho-deportivo-2","tag-mediacion","tag-mediacion-deportiva","tag-noticias-2","post_format-post-format-gallery"],"_links":{"self":[{"href":"https:\/\/javierperezvilla.com\/index.php?rest_route=\/wp\/v2\/posts\/1078","targetHints":{"allow":["GET"]}}],"collection":[{"href":"https:\/\/javierperezvilla.com\/index.php?rest_route=\/wp\/v2\/posts"}],"about":[{"href":"https:\/\/javierperezvilla.com\/index.php?rest_route=\/wp\/v2\/types\/post"}],"author":[{"embeddable":true,"href":"https:\/\/javierperezvilla.com\/index.php?rest_route=\/wp\/v2\/users\/1"}],"replies":[{"embeddable":true,"href":"https:\/\/javierperezvilla.com\/index.php?rest_route=%2Fwp%2Fv2%2Fcomments&post=1078"}],"version-history":[{"count":0,"href":"https:\/\/javierperezvilla.com\/index.php?rest_route=\/wp\/v2\/posts\/1078\/revisions"}],"wp:attachment":[{"href":"https:\/\/javierperezvilla.com\/index.php?rest_route=%2Fwp%2Fv2%2Fmedia&parent=1078"}],"wp:term":[{"taxonomy":"category","embeddable":true,"href":"https:\/\/javierperezvilla.com\/index.php?rest_route=%2Fwp%2Fv2%2Fcategories&post=1078"},{"taxonomy":"post_tag","embeddable":true,"href":"https:\/\/javierperezvilla.com\/index.php?rest_route=%2Fwp%2Fv2%2Ftags&post=1078"}],"curies":[{"name":"wp","href":"https:\/\/api.w.org\/{rel}","templated":true}]}}