{"id":115,"date":"2013-11-22T08:05:18","date_gmt":"2013-11-22T08:05:18","guid":{"rendered":"http:\/\/lossitiosabogados.com\/blog\/?p=115"},"modified":"2013-11-22T08:05:18","modified_gmt":"2013-11-22T08:05:18","slug":"el-convenio-del-depor-es-admitido-tramite","status":"publish","type":"post","link":"https:\/\/javierperezvilla.com\/?p=115","title":{"rendered":"EL CONVENIO DEL DEPOR, ES ADMITIDO A TRAMITE."},"content":{"rendered":"<p style=\"text-align:justify;\">Seg\u00fan fuentes de <a href=\"http:\/\/iusport.com\/not\/1146\/el_juez_admite_a_tramite_el_convenio_propuesto_por_lendoiro\/\" target=\"_blank\" rel=\"noopener\">iusport<\/a>, la propuesta de <b>convenio de acreedores<\/b>, presentada en el <b>concurso de acreedores<\/b> del Deportivo de la Coru\u00f1a, del que entiende el Juzgado n\u00ba 2 de La Coru\u00f1a, \u00a0ha sido admitida a tr\u00e1mite por el Juez. Es ahora el turno de la <b>administraci\u00f3n concursal<\/b>, quien, en un plazo de diez d\u00edas, deber\u00e1 dictaminar acerca del plan, y su viabilidad.<\/p>\n<p>&nbsp;<\/p>\n<p><a href=\"http:\/\/lossitiosabogados.com\/blog\/wp-content\/uploads\/2013\/11\/deportivo.jpg\"><img loading=\"lazy\" decoding=\"async\" class=\"size-full wp-image-116 aligncenter\" src=\"http:\/\/lossitiosabogados.com\/blog\/wp-content\/uploads\/2013\/11\/deportivo.jpg\" alt=\"deportivo\" width=\"275\" height=\"183\" \/><\/a><\/p>\n<p>&nbsp;<\/p>\n<p style=\"text-align:justify;\">La propuesta, establece una <b>espera <\/b>por parte del club para el pago de sus deudas, de 17 a\u00f1os, plazo que supera con creces el legalmente establecido (5 a\u00f1os), debido a que concurren en el caso las circunstancias de excepcionalidad, que as\u00ed lo permiten, tambi\u00e9n establecidas en la <b>Ley Concursal<\/b>. Adem\u00e1s de dicha espera, se establece tambi\u00e9n una <b>quita<\/b> del 33 % , lo que supondr\u00e1 que, de ser aprobado el convenio, los acreedores afectados, percibir\u00e1n el 67% del importe de sus cr\u00e9ditos.<\/p>\n<p>&nbsp;<\/p>\n<p style=\"text-align:justify;\">El convenio regulador propuesto por el Club, no cuenta, por el momento, con la adhesi\u00f3n de la Agencia Tributaria, principal acreedor, debido fundamentalmente a la quita propuesta.<\/p>\n<p>&nbsp;<\/p>\n<p><b>Javier P\u00e9rez Villa.<\/b><\/p>\n","protected":false},"excerpt":{"rendered":"<p>Seg\u00fan fuentes de iusport, la propuesta de convenio de acreedores, presentada en el concurso de acreedores del Deportivo de la Coru\u00f1a, del que entiende el Juzgado n\u00ba 2 de La Coru\u00f1a, \u00a0ha sido admitida a tr\u00e1mite por el Juez. Es ahora el turno de la&nbsp;<a class=\"read-more\" href=\"https:\/\/javierperezvilla.com\/?p=115\">Leer m\u00e1s<\/a><\/p>\n","protected":false},"author":1,"featured_media":0,"comment_status":"open","ping_status":"open","sticky":false,"template":"","format":"standard","meta":{"footnotes":""},"categories":[79],"tags":[8,3,7],"class_list":["post-115","post","type-post","status-publish","format-standard","hentry","category-noticias-derecho-deportivo","tag-concurso-de-acreedores","tag-derecho-deportivo-2","tag-noticias-2"],"_links":{"self":[{"href":"https:\/\/javierperezvilla.com\/index.php?rest_route=\/wp\/v2\/posts\/115","targetHints":{"allow":["GET"]}}],"collection":[{"href":"https:\/\/javierperezvilla.com\/index.php?rest_route=\/wp\/v2\/posts"}],"about":[{"href":"https:\/\/javierperezvilla.com\/index.php?rest_route=\/wp\/v2\/types\/post"}],"author":[{"embeddable":true,"href":"https:\/\/javierperezvilla.com\/index.php?rest_route=\/wp\/v2\/users\/1"}],"replies":[{"embeddable":true,"href":"https:\/\/javierperezvilla.com\/index.php?rest_route=%2Fwp%2Fv2%2Fcomments&post=115"}],"version-history":[{"count":0,"href":"https:\/\/javierperezvilla.com\/index.php?rest_route=\/wp\/v2\/posts\/115\/revisions"}],"wp:attachment":[{"href":"https:\/\/javierperezvilla.com\/index.php?rest_route=%2Fwp%2Fv2%2Fmedia&parent=115"}],"wp:term":[{"taxonomy":"category","embeddable":true,"href":"https:\/\/javierperezvilla.com\/index.php?rest_route=%2Fwp%2Fv2%2Fcategories&post=115"},{"taxonomy":"post_tag","embeddable":true,"href":"https:\/\/javierperezvilla.com\/index.php?rest_route=%2Fwp%2Fv2%2Ftags&post=115"}],"curies":[{"name":"wp","href":"https:\/\/api.w.org\/{rel}","templated":true}]}}