{"id":1290,"date":"2015-12-08T11:30:39","date_gmt":"2015-12-08T10:30:39","guid":{"rendered":"https:\/\/javierperezvilla.com\/?p=1290"},"modified":"2015-12-08T11:30:39","modified_gmt":"2015-12-08T10:30:39","slug":"conferencia-legal-legends-in-sport-and-the-future-of-sports-law","status":"publish","type":"post","link":"https:\/\/javierperezvilla.com\/?p=1290","title":{"rendered":"Conferencia: Legal Legends in sport and the future of sports law"},"content":{"rendered":"<p style=\"text-align:justify;\">FIFPro celebra durante los d\u00edas 14 y 15 de diciembre en Amsterdam un\u00a0encuentro jur\u00eddico\u00a0para conmemorar\u00a0su 50 aniversario, as\u00ed como\u00a0el 20 aniversario de la sentencia Bosman.<\/p>\n<p style=\"text-align:justify;\">Durante este evento, FIFPro rinde homenaje a todos los atletas en activo y retirados que han interpuesto alguna vez acciones legales para combatir a las distintas normativas deportivas, o su aplicaci\u00f3n, bien en su propia defensa, bien en defensa de otros, con frecuencia poniendo en riesgo sus propias carreras deportivas.<\/p>\n<p style=\"text-align:justify;\">Los d\u00edas 14 y 15 de diciembre de 2015, FIFPro recibir\u00e1 a nueve representantes de casos que han marcado un antes y un despu\u00e9s en el derecho deportivo,\u00a0que incluyen a los antiguos futbolistas profesionales George Eastham, Jean-Marc Bosman, Olivier Bernard, Igor Strelkov y Zahir Belounis, a los patinadores de velocidad Claudia Pechstein y Mark Tuitert, al antiguo jugador de baloncesto Jyri Lehtonen, y al ciclista Bruno Walrave.<\/p>\n<p style=\"text-align:justify;\">Adem\u00e1s, el d\u00eda 15, FIFPro celebrar\u00e1 su 50 aniversario, coincidiendo con el\u00a0\u00a020 aniversario de la sentencia Bosman, emitida por el Tribunal de Justicia de la Uni\u00f3n Europea, que trascendiendo el \u00e1mbito futbol\u00edstico, supuso un antes y un despu\u00e9s en la libre circulaci\u00f3n de deportistas en el viejo continente.<\/p>\n<p style=\"text-align:justify;\">Diferentes expertos del \u00e1mbito jur\u00eddico, entre los que destacan el espa\u00f1ol Juan de Dios Crespo, participar\u00e1n en el evento.<\/p>\n<p style=\"text-align:justify;\"><strong>Javier P\u00e9rez Villa.\u00a0<\/strong><\/p>\n<p style=\"text-align:justify;\">\n","protected":false},"excerpt":{"rendered":"<p>FIFPro celebra durante los d\u00edas 14 y 15 de diciembre en Amsterdam un\u00a0encuentro jur\u00eddico\u00a0para conmemorar\u00a0su 50 aniversario, as\u00ed como\u00a0el 20 aniversario de la sentencia Bosman. Durante este evento, FIFPro rinde homenaje a todos los atletas en activo y retirados que han interpuesto alguna vez acciones&nbsp;<a class=\"read-more\" href=\"https:\/\/javierperezvilla.com\/?p=1290\">Leer m\u00e1s<\/a><\/p>\n","protected":false},"author":1,"featured_media":0,"comment_status":"open","ping_status":"open","sticky":false,"template":"","format":"gallery","meta":{"footnotes":""},"categories":[79],"tags":[],"class_list":["post-1290","post","type-post","status-publish","format-gallery","hentry","category-noticias-derecho-deportivo","post_format-post-format-gallery"],"_links":{"self":[{"href":"https:\/\/javierperezvilla.com\/index.php?rest_route=\/wp\/v2\/posts\/1290","targetHints":{"allow":["GET"]}}],"collection":[{"href":"https:\/\/javierperezvilla.com\/index.php?rest_route=\/wp\/v2\/posts"}],"about":[{"href":"https:\/\/javierperezvilla.com\/index.php?rest_route=\/wp\/v2\/types\/post"}],"author":[{"embeddable":true,"href":"https:\/\/javierperezvilla.com\/index.php?rest_route=\/wp\/v2\/users\/1"}],"replies":[{"embeddable":true,"href":"https:\/\/javierperezvilla.com\/index.php?rest_route=%2Fwp%2Fv2%2Fcomments&post=1290"}],"version-history":[{"count":0,"href":"https:\/\/javierperezvilla.com\/index.php?rest_route=\/wp\/v2\/posts\/1290\/revisions"}],"wp:attachment":[{"href":"https:\/\/javierperezvilla.com\/index.php?rest_route=%2Fwp%2Fv2%2Fmedia&parent=1290"}],"wp:term":[{"taxonomy":"category","embeddable":true,"href":"https:\/\/javierperezvilla.com\/index.php?rest_route=%2Fwp%2Fv2%2Fcategories&post=1290"},{"taxonomy":"post_tag","embeddable":true,"href":"https:\/\/javierperezvilla.com\/index.php?rest_route=%2Fwp%2Fv2%2Ftags&post=1290"}],"curies":[{"name":"wp","href":"https:\/\/api.w.org\/{rel}","templated":true}]}}