{"id":1310,"date":"2016-01-11T10:21:59","date_gmt":"2016-01-11T09:21:59","guid":{"rendered":"https:\/\/javierperezvilla.com\/?p=1310"},"modified":"2016-01-11T10:21:59","modified_gmt":"2016-01-11T09:21:59","slug":"desestimada-la-reclamacion-de-roderick-al-deportivo","status":"publish","type":"post","link":"https:\/\/javierperezvilla.com\/?p=1310","title":{"rendered":"Desestimada la reclamaci\u00f3n de Roderick al Deportivo"},"content":{"rendered":"<p style=\"text-align:justify;\">La reclamaci\u00f3n que hab\u00eda interpuesto Roderick Miranda contra el Deportivo de La Coru\u00f1a ha sido finalmente desestimada por la C\u00e1mara de Resoluci\u00f3n de Disputas de la FIFA.<\/p>\n<p style=\"text-align:justify;\">El ex-jugador del club gallego hab\u00eda presentado una reclamaci\u00f3n de una deuda por un importe de 300.00 euros, cuant\u00eda que finalmente el Deportivo no tendr\u00e1 que abonar al jugador.<\/p>\n<p style=\"text-align:justify;\">La C\u00e1mara de Resoluci\u00f3n de Disputas ha dado finalmente la raz\u00f3n al club, que defend\u00eda que el jugador no\u00a0comunic\u00f3 al club ni a la Administraci\u00f3n Concursal la deuda, en el tiempo y forma establecidos dentro de la legislaci\u00f3n que afecta a un <strong>concurso de acreedores<\/strong>, y por tanto la entidad desconoc\u00eda la supuesta deuda.<\/p>\n<p style=\"text-align:justify;\">Javier P\u00e9rez Villa.<\/p>\n<div id=\"IMAGEN_INSERTADA_texto\"><\/div>\n","protected":false},"excerpt":{"rendered":"<p>La reclamaci\u00f3n que hab\u00eda interpuesto Roderick Miranda contra el Deportivo de La Coru\u00f1a ha sido finalmente desestimada por la C\u00e1mara de Resoluci\u00f3n de Disputas de la FIFA. El ex-jugador del club gallego hab\u00eda presentado una reclamaci\u00f3n de una deuda por un importe de 300.00 euros,&nbsp;<a class=\"read-more\" href=\"https:\/\/javierperezvilla.com\/?p=1310\">Leer m\u00e1s<\/a><\/p>\n","protected":false},"author":1,"featured_media":0,"comment_status":"open","ping_status":"open","sticky":false,"template":"","format":"image","meta":{"footnotes":""},"categories":[79],"tags":[8,3,22,7,83],"class_list":["post-1310","post","type-post","status-publish","format-image","hentry","category-noticias-derecho-deportivo","tag-concurso-de-acreedores","tag-derecho-deportivo-2","tag-lfp","tag-noticias-2","tag-noticias-futbol","post_format-post-format-image"],"_links":{"self":[{"href":"https:\/\/javierperezvilla.com\/index.php?rest_route=\/wp\/v2\/posts\/1310","targetHints":{"allow":["GET"]}}],"collection":[{"href":"https:\/\/javierperezvilla.com\/index.php?rest_route=\/wp\/v2\/posts"}],"about":[{"href":"https:\/\/javierperezvilla.com\/index.php?rest_route=\/wp\/v2\/types\/post"}],"author":[{"embeddable":true,"href":"https:\/\/javierperezvilla.com\/index.php?rest_route=\/wp\/v2\/users\/1"}],"replies":[{"embeddable":true,"href":"https:\/\/javierperezvilla.com\/index.php?rest_route=%2Fwp%2Fv2%2Fcomments&post=1310"}],"version-history":[{"count":0,"href":"https:\/\/javierperezvilla.com\/index.php?rest_route=\/wp\/v2\/posts\/1310\/revisions"}],"wp:attachment":[{"href":"https:\/\/javierperezvilla.com\/index.php?rest_route=%2Fwp%2Fv2%2Fmedia&parent=1310"}],"wp:term":[{"taxonomy":"category","embeddable":true,"href":"https:\/\/javierperezvilla.com\/index.php?rest_route=%2Fwp%2Fv2%2Fcategories&post=1310"},{"taxonomy":"post_tag","embeddable":true,"href":"https:\/\/javierperezvilla.com\/index.php?rest_route=%2Fwp%2Fv2%2Ftags&post=1310"}],"curies":[{"name":"wp","href":"https:\/\/api.w.org\/{rel}","templated":true}]}}