{"id":133,"date":"2013-11-29T09:38:31","date_gmt":"2013-11-29T09:38:31","guid":{"rendered":"http:\/\/lossitiosabogados.com\/blog\/?p=133"},"modified":"2013-11-29T09:38:31","modified_gmt":"2013-11-29T09:38:31","slug":"cronica-de-la-jornada-sobre-los-derechos-de-imagen-en-el-deporte-profesional-organizada-por-garrigues-y-la-fundacion-del-futbol-profesional","status":"publish","type":"post","link":"https:\/\/javierperezvilla.com\/?p=133","title":{"rendered":"CR\u00d3NICA DE LA JORNADA SOBRE LOS DERECHOS DE IMAGEN EN EL DEPORTE PROFESIONAL, ORGANIZADA POR GARRIGUES, Y LA FUNDACI\u00d3N DEL F\u00daTBOL PROFESIONAL."},"content":{"rendered":"<p style=\"text-align:justify;\">El pasado lunes tuvo lugar en la sede de Garrigues en Madrid, un jornada donde se someti\u00f3 a examen, la situaci\u00f3n actual de los <strong>derechos de imagen<\/strong>\u00a0 en el <strong>deporte profesional<\/strong> de nuestro pa\u00eds.<\/p>\n<p style=\"text-align:justify;\">Como todos los actos que organizan Garrigues y la Fundaci\u00f3n, fueron nueve horas intensas, de<strong> derecho deportivo<\/strong>, exposiciones, debate, diversos puntos de vista, marketing comercial, etc.<\/p>\n<p style=\"text-align:justify;\">Antonio Garrigues Walker, Presidente de Garrigues, Miguel Cardenal Carro, Presidente del CSD, y Secretario de Estado para el Deporte, y Javier Tebas Medrano, Presidente de la Liga Nacional del F\u00fatbol Profesional, fueron los encargados de abrir el acto, dando cada uno su opini\u00f3n personal sobre el estado actual de la cuesti\u00f3n que nos iba a ocupar el d\u00eda.<\/p>\n<p style=\"text-align:justify;\">El testigo, fue recogido por Juan Manuel Fern\u00e1ndez L\u00f3pez, abogado y Expresidente del Tribunal de Defensa de la Competencia, qui\u00e9n departi\u00f3 a cerca de la posibilidad de explotaci\u00f3n de la imagen, en su doble vertiente, como <strong>derecho<\/strong> fundamental, y como <strong>derecho<\/strong> econ\u00f3mico de contenido patrimonial, as\u00ed como sobre sus forma de protecci\u00f3n.<\/p>\n<p style=\"text-align:justify;\">Finalizada la ponencia, Jos\u00e9 Manuel Mateo, Socio de Garrigues, moder\u00f3 un enriquecedor debate, entre tres partes fundamentales dentro del deporte profesional, cuales son las Ligas profesionales, representadas por\u00a0 Javier Tebas Medrano, los jugadores profesionales, cuya voz fue Jos\u00e9 Luis Llorente, Presidente de la Asociaci\u00f3n de Baloncestistas Profesionales, y los Clubes, representados por Antonio Jos\u00e9 S\u00e1nchez Pino, Consejero del Real Betis Balompi\u00e9, y catedr\u00e1tico de Derecho Financiero y Tributario. Cada uno, defendiendo los intereses de sus patrocinados, pero sabedores de que est\u00e1n obligados a entenderse, expusieron su punto de vista sobre la pr\u00e1ctica actual, en relaci\u00f3n a la <strong>cesi\u00f3n de los derechos de imagen<\/strong> por los jugadores a las ligas y clubes.<\/p>\n<figure id=\"attachment_139\" aria-describedby=\"caption-attachment-139\" style=\"width: 800px\" class=\"wp-caption aligncenter\"><a href=\"http:\/\/lossitiosabogados.com\/blog\/wp-content\/uploads\/2013\/11\/www.lfp_.es_.jpg\"><img loading=\"lazy\" decoding=\"async\" class=\"size-full wp-image-139\" src=\"http:\/\/lossitiosabogados.com\/blog\/wp-content\/uploads\/2013\/11\/www.lfp_.es_.jpg\" alt=\"www.lfp.es\" width=\"800\" height=\"450\" \/><\/a><figcaption id=\"caption-attachment-139\" class=\"wp-caption-text\">www.lfp.es<\/figcaption><\/figure>\n<p style=\"text-align:justify;\">Tras un breve cocktail, F\u00e9lix Plaza, se enfrent\u00f3 con \u00e9xito, a la dif\u00edcil tarea de departir sobre tributaci\u00f3n, a las tres de la tarde. Mediante ejemplos pr\u00e1cticos se debati\u00f3 sobre las distintas opciones que se pueden articular para la optimizaci\u00f3n fiscal, en materia de percepciones derivadas de los derechos de imagen, as\u00ed como sobre los criterios que, al respecto sostiene la AEAT.<\/p>\n<p style=\"text-align:justify;\">Con la llegada de las 16:30, les toc\u00f3 el turno a Amalio Moratalla, socio de Llorente y cuenca, Rub\u00e9n Ribera, en nombre de la compa\u00f1\u00eda Coca Cola, quienes conducidos por la socia de Garrigues, Carolina Pina, nos dieron su visi\u00f3n t\u00e9cnica sobre los procesos de creaci\u00f3n, y consolidaci\u00f3n, de una imagen comercial, destacando como pieza clave en su construcci\u00f3n, algo que trasciende\u00a0 a los logros puramente deportivos, los valores que posea, y proyecte el deportista. Valores que, seg\u00fan mi opini\u00f3n, y salvo honrosas excepciones, no se prodigan demasiado en el deporte profesional, dados los intereses econ\u00f3micos que lo rodean, pero que afloran abundantemente en el deporte \u201cno profesional\u201d, jalonado de ejemplos de j\u00f3venes deportistas, que con \u00fanico patrocinio del \u201cm\u00e1s r\u00e1pido, m\u00e1s alto, m\u00e1s fuerte\u201d, son aut\u00e9nticos ejemplos de superaci\u00f3n, inmejorables modelos para los tiempos que nos toca vivir.<\/p>\n<p style=\"text-align:justify;\">Tras este breve par\u00e9ntesis, volvimos, de la mano de Alberto Palomar, al mundo del <strong>derecho<\/strong>, y as\u00ed Miguel garc\u00eda Caba, asesor jur\u00eddico de la Liga de F\u00fatbol Profesional, condujo la \u00faltima ponencia, que vers\u00f3 sobre la defensa de la imagen. Ignacio Colomer, Profesor de Derecho Procesal de la Universidad Pablo de Olavide, Santiago Nebot, Director de la asesor\u00eda Jur\u00eddica de AFE, y Antxo Tato, Catedr\u00e1tico de Derecho Mercantil, y Secretario T\u00e9cnico de Autocontrol, nos expusieron las ventajas e inconvenientes, de las diferentes v\u00edas, judiciales y extrajudiciales, mediante las cuales podemos obtener la protecci\u00f3n de la imagen.<\/p>\n<p style=\"text-align:justify;\">El acto fue clausurado, por Alejandro Blanco, Presidente del Comit\u00e9 Ol\u00edmpico Espa\u00f1ol, quien felicit\u00f3 a la Fundaci\u00f3n, a Garriges, y a los asistentes, por la organizaci\u00f3n de la jornada, y por su continuado esfuerzo en la organizaci\u00f3n de este tipo de actos, entorno al<strong> derecho deportivo<\/strong>, que sin duda contribuyen a mejorar la salud del deporte en nuestro pa\u00eds. Mi enhorabuena, tambi\u00e9n para \u00e9l, por el trabajo que lleva ya tiempo realizando.<\/p>\n<p style=\"text-align:left;\"><strong>Javier P\u00e9rez Villa.\u00a0<\/strong><\/p>\n","protected":false},"excerpt":{"rendered":"<p>El pasado lunes tuvo lugar en la sede de Garrigues en Madrid, un jornada donde se someti\u00f3 a examen, la situaci\u00f3n actual de los derechos de imagen\u00a0 en el deporte profesional de nuestro pa\u00eds. Como todos los actos que organizan Garrigues y la Fundaci\u00f3n, fueron&nbsp;<a class=\"read-more\" href=\"https:\/\/javierperezvilla.com\/?p=133\">Leer m\u00e1s<\/a><\/p>\n","protected":false},"author":1,"featured_media":0,"comment_status":"open","ping_status":"open","sticky":false,"template":"","format":"standard","meta":{"footnotes":""},"categories":[79],"tags":[3,7],"class_list":["post-133","post","type-post","status-publish","format-standard","hentry","category-noticias-derecho-deportivo","tag-derecho-deportivo-2","tag-noticias-2"],"_links":{"self":[{"href":"https:\/\/javierperezvilla.com\/index.php?rest_route=\/wp\/v2\/posts\/133","targetHints":{"allow":["GET"]}}],"collection":[{"href":"https:\/\/javierperezvilla.com\/index.php?rest_route=\/wp\/v2\/posts"}],"about":[{"href":"https:\/\/javierperezvilla.com\/index.php?rest_route=\/wp\/v2\/types\/post"}],"author":[{"embeddable":true,"href":"https:\/\/javierperezvilla.com\/index.php?rest_route=\/wp\/v2\/users\/1"}],"replies":[{"embeddable":true,"href":"https:\/\/javierperezvilla.com\/index.php?rest_route=%2Fwp%2Fv2%2Fcomments&post=133"}],"version-history":[{"count":0,"href":"https:\/\/javierperezvilla.com\/index.php?rest_route=\/wp\/v2\/posts\/133\/revisions"}],"wp:attachment":[{"href":"https:\/\/javierperezvilla.com\/index.php?rest_route=%2Fwp%2Fv2%2Fmedia&parent=133"}],"wp:term":[{"taxonomy":"category","embeddable":true,"href":"https:\/\/javierperezvilla.com\/index.php?rest_route=%2Fwp%2Fv2%2Fcategories&post=133"},{"taxonomy":"post_tag","embeddable":true,"href":"https:\/\/javierperezvilla.com\/index.php?rest_route=%2Fwp%2Fv2%2Ftags&post=133"}],"curies":[{"name":"wp","href":"https:\/\/api.w.org\/{rel}","templated":true}]}}