{"id":1369,"date":"2015-12-14T18:24:49","date_gmt":"2015-12-14T17:24:49","guid":{"rendered":"https:\/\/javierperezvilla.com\/?p=1369"},"modified":"2015-12-14T18:24:49","modified_gmt":"2015-12-14T17:24:49","slug":"1a-jornada-de-mediacion-deportiva-universidad-europea-de-madrid","status":"publish","type":"post","link":"https:\/\/javierperezvilla.com\/?p=1369","title":{"rendered":"1\u00aa Jornada de Mediaci\u00f3n Deportiva Universidad Europea de Madrid"},"content":{"rendered":"<p style=\"text-align:justify;\">La Universidad Europea de Madrid, junto con la Escuela\u00a0Universitaria Real Madrid Universidad Europea han organizado este mi\u00e9rcoles 16 de diciembre la primera J<strong>ornada de Mediaci\u00f3n Deportiva<\/strong> dentro del programa \u00abSports Trends Lab\u00bb que lleva a cabo dicha\u00a0escuela.<\/p>\n<p style=\"text-align:justify;\">Para m\u00e1s informaci\u00f3n sobre esta jornada, puede obtenerse a trav\u00e9s de este <strong><a href=\"http:\/\/universidadeuropea.es\/vida-universitaria\/agenda\/1-jornada-de-mediacion-deportiva\" target=\"_blank\" rel=\"noopener\">enlace<\/a><\/strong><\/p>\n<p>&nbsp;<\/p>\n","protected":false},"excerpt":{"rendered":"<p>La Universidad Europea de Madrid, junto con la Escuela\u00a0Universitaria Real Madrid Universidad Europea han organizado este mi\u00e9rcoles 16 de diciembre la primera Jornada de Mediaci\u00f3n Deportiva dentro del programa \u00abSports Trends Lab\u00bb que lleva a cabo dicha\u00a0escuela. Para m\u00e1s informaci\u00f3n sobre esta jornada, puede obtenerse&nbsp;<a class=\"read-more\" href=\"https:\/\/javierperezvilla.com\/?p=1369\">Leer m\u00e1s<\/a><\/p>\n","protected":false},"author":1,"featured_media":1385,"comment_status":"open","ping_status":"open","sticky":false,"template":"","format":"standard","meta":{"footnotes":""},"categories":[79],"tags":[3,54,7],"class_list":["post-1369","post","type-post","status-publish","format-standard","has-post-thumbnail","hentry","category-noticias-derecho-deportivo","tag-derecho-deportivo-2","tag-mediacion-deportiva","tag-noticias-2"],"_links":{"self":[{"href":"https:\/\/javierperezvilla.com\/index.php?rest_route=\/wp\/v2\/posts\/1369","targetHints":{"allow":["GET"]}}],"collection":[{"href":"https:\/\/javierperezvilla.com\/index.php?rest_route=\/wp\/v2\/posts"}],"about":[{"href":"https:\/\/javierperezvilla.com\/index.php?rest_route=\/wp\/v2\/types\/post"}],"author":[{"embeddable":true,"href":"https:\/\/javierperezvilla.com\/index.php?rest_route=\/wp\/v2\/users\/1"}],"replies":[{"embeddable":true,"href":"https:\/\/javierperezvilla.com\/index.php?rest_route=%2Fwp%2Fv2%2Fcomments&post=1369"}],"version-history":[{"count":0,"href":"https:\/\/javierperezvilla.com\/index.php?rest_route=\/wp\/v2\/posts\/1369\/revisions"}],"wp:featuredmedia":[{"embeddable":true,"href":"https:\/\/javierperezvilla.com\/index.php?rest_route=\/wp\/v2\/pages\/1385"}],"wp:attachment":[{"href":"https:\/\/javierperezvilla.com\/index.php?rest_route=%2Fwp%2Fv2%2Fmedia&parent=1369"}],"wp:term":[{"taxonomy":"category","embeddable":true,"href":"https:\/\/javierperezvilla.com\/index.php?rest_route=%2Fwp%2Fv2%2Fcategories&post=1369"},{"taxonomy":"post_tag","embeddable":true,"href":"https:\/\/javierperezvilla.com\/index.php?rest_route=%2Fwp%2Fv2%2Ftags&post=1369"}],"curies":[{"name":"wp","href":"https:\/\/api.w.org\/{rel}","templated":true}]}}