{"id":1373,"date":"2015-12-11T08:15:48","date_gmt":"2015-12-11T07:15:48","guid":{"rendered":"https:\/\/javierperezvilla.com\/?p=1373"},"modified":"2015-12-11T08:15:48","modified_gmt":"2015-12-11T07:15:48","slug":"rossi-retira-su-recurso-ante-el-tas","status":"publish","type":"post","link":"https:\/\/javierperezvilla.com\/?p=1373","title":{"rendered":"Rossi retira su recurso ante el TAS"},"content":{"rendered":"<p style=\"text-align:justify;\">Ayer jueves, el <strong>TAS<\/strong> hac\u00eda p\u00fablica una nota de prensa anunciando la retirada del recurso presentado por el piloto italiano ante este tribunal, contra la penalizaci\u00f3n\u00a0impuesta por la Federaci\u00f3n Internacional de Motociclismo por el incidente que tuvo lugar en el Gran Premio de Malasia el pasado octubre.<\/p>\n<p style=\"text-align:justify;\">Valentino Rossi ha comunicado al <strong>TAS<\/strong> su deseo de no llevar adelante el recurso por el que solicitaba la anulaci\u00f3n de la sanci\u00f3n impuesta por la FMI, o en su defecto rebajar de tres puntos a uno su penalizaci\u00f3n.<\/p>\n<p style=\"text-align:justify;\">El comunicado est\u00e1 disponible en el siguiente <strong><a href=\"http:\/\/www.tas-cas.org\/fileadmin\/user_upload\/Media_Release_4259_1012.pdf\" target=\"_blank\" rel=\"noopener\">enlace<\/a><\/strong>.<\/p>\n<p style=\"text-align:justify;\">Javier P\u00e9rez Villa<\/p>\n","protected":false},"excerpt":{"rendered":"<p>Ayer jueves, el TAS hac\u00eda p\u00fablica una nota de prensa anunciando la retirada del recurso presentado por el piloto italiano ante este tribunal, contra la penalizaci\u00f3n\u00a0impuesta por la Federaci\u00f3n Internacional de Motociclismo por el incidente que tuvo lugar en el Gran Premio de Malasia el&nbsp;<a class=\"read-more\" href=\"https:\/\/javierperezvilla.com\/?p=1373\">Leer m\u00e1s<\/a><\/p>\n","protected":false},"author":1,"featured_media":0,"comment_status":"open","ping_status":"open","sticky":false,"template":"","format":"gallery","meta":{"footnotes":""},"categories":[79],"tags":[94,7,37],"class_list":["post-1373","post","type-post","status-publish","format-gallery","hentry","category-noticias-derecho-deportivo","tag-motociclismo","tag-noticias-2","tag-tas","post_format-post-format-gallery"],"_links":{"self":[{"href":"https:\/\/javierperezvilla.com\/index.php?rest_route=\/wp\/v2\/posts\/1373","targetHints":{"allow":["GET"]}}],"collection":[{"href":"https:\/\/javierperezvilla.com\/index.php?rest_route=\/wp\/v2\/posts"}],"about":[{"href":"https:\/\/javierperezvilla.com\/index.php?rest_route=\/wp\/v2\/types\/post"}],"author":[{"embeddable":true,"href":"https:\/\/javierperezvilla.com\/index.php?rest_route=\/wp\/v2\/users\/1"}],"replies":[{"embeddable":true,"href":"https:\/\/javierperezvilla.com\/index.php?rest_route=%2Fwp%2Fv2%2Fcomments&post=1373"}],"version-history":[{"count":0,"href":"https:\/\/javierperezvilla.com\/index.php?rest_route=\/wp\/v2\/posts\/1373\/revisions"}],"wp:attachment":[{"href":"https:\/\/javierperezvilla.com\/index.php?rest_route=%2Fwp%2Fv2%2Fmedia&parent=1373"}],"wp:term":[{"taxonomy":"category","embeddable":true,"href":"https:\/\/javierperezvilla.com\/index.php?rest_route=%2Fwp%2Fv2%2Fcategories&post=1373"},{"taxonomy":"post_tag","embeddable":true,"href":"https:\/\/javierperezvilla.com\/index.php?rest_route=%2Fwp%2Fv2%2Ftags&post=1373"}],"curies":[{"name":"wp","href":"https:\/\/api.w.org\/{rel}","templated":true}]}}