{"id":1377,"date":"2015-12-18T10:00:30","date_gmt":"2015-12-18T09:00:30","guid":{"rendered":"https:\/\/javierperezvilla.com\/?p=1377"},"modified":"2015-12-18T10:00:30","modified_gmt":"2015-12-18T09:00:30","slug":"xii-edicion-de-sesiones-afe-para-futbolistas-sin-equipo","status":"publish","type":"post","link":"https:\/\/javierperezvilla.com\/?p=1377","title":{"rendered":"XII Edici\u00f3n de Sesiones AFE para Futbolistas Sin Equipo"},"content":{"rendered":"<p style=\"text-align:justify;\">Como cada a\u00f1o, la Asociaci\u00f3n de Futbolistas Espa\u00f1oles (AFE) va a celebrar su sesi\u00f3n para <strong>futbolistas sin equipo<\/strong>, que alcanza ya su XII edici\u00f3n.<\/p>\n<p style=\"text-align:justify;\"><a href=\"https:\/\/javierperezvillaabogado.files.wordpress.com\/2015\/07\/logo-afe-alta-resolucic3b3n1.jpg\" rel=\"attachment wp-att-937\"><img loading=\"lazy\" decoding=\"async\" class=\" wp-image-937 alignleft\" src=\"https:\/\/javierperezvillaabogado.files.wordpress.com\/2015\/07\/logo-afe-alta-resolucic3b3n1.jpg?w=300\" alt=\"logo-afe-alta-resolucic3b3n1\" width=\"243\" height=\"172\" \/><\/a>Entre los d\u00edas 13 y 27 de enero se llevar\u00e1 a cabo esta concentraci\u00f3n cuyo objetivo es facilitar a todos aquellos jugadores que en la actualidad no tienen equipo, su puesta a punto y una posible incorporaci\u00f3n a clubes que pudiesen requerir sus servicios.<\/p>\n<p style=\"text-align:justify;\">La informaci\u00f3n para inscribirse puede encontrarse <a href=\"https:\/\/javierperezvilla.com\/wp-content\/uploads\/2015\/12\/documento-agentes-2016.pdf\" target=\"_blank\" rel=\"noopener\">aqu\u00ed<\/a>.<\/p>\n<p style=\"text-align:justify;\">Javier P\u00e9rez Villa<\/p>\n<p style=\"text-align:justify;\">\n","protected":false},"excerpt":{"rendered":"<p>Como cada a\u00f1o, la Asociaci\u00f3n de Futbolistas Espa\u00f1oles (AFE) va a celebrar su sesi\u00f3n para futbolistas sin equipo, que alcanza ya su XII edici\u00f3n. Entre los d\u00edas 13 y 27 de enero se llevar\u00e1 a cabo esta concentraci\u00f3n cuyo objetivo es facilitar a todos aquellos&nbsp;<a class=\"read-more\" href=\"https:\/\/javierperezvilla.com\/?p=1377\">Leer m\u00e1s<\/a><\/p>\n","protected":false},"author":1,"featured_media":0,"comment_status":"open","ping_status":"open","sticky":false,"template":"","format":"gallery","meta":{"footnotes":""},"categories":[79],"tags":[7,83],"class_list":["post-1377","post","type-post","status-publish","format-gallery","hentry","category-noticias-derecho-deportivo","tag-noticias-2","tag-noticias-futbol","post_format-post-format-gallery"],"_links":{"self":[{"href":"https:\/\/javierperezvilla.com\/index.php?rest_route=\/wp\/v2\/posts\/1377","targetHints":{"allow":["GET"]}}],"collection":[{"href":"https:\/\/javierperezvilla.com\/index.php?rest_route=\/wp\/v2\/posts"}],"about":[{"href":"https:\/\/javierperezvilla.com\/index.php?rest_route=\/wp\/v2\/types\/post"}],"author":[{"embeddable":true,"href":"https:\/\/javierperezvilla.com\/index.php?rest_route=\/wp\/v2\/users\/1"}],"replies":[{"embeddable":true,"href":"https:\/\/javierperezvilla.com\/index.php?rest_route=%2Fwp%2Fv2%2Fcomments&post=1377"}],"version-history":[{"count":0,"href":"https:\/\/javierperezvilla.com\/index.php?rest_route=\/wp\/v2\/posts\/1377\/revisions"}],"wp:attachment":[{"href":"https:\/\/javierperezvilla.com\/index.php?rest_route=%2Fwp%2Fv2%2Fmedia&parent=1377"}],"wp:term":[{"taxonomy":"category","embeddable":true,"href":"https:\/\/javierperezvilla.com\/index.php?rest_route=%2Fwp%2Fv2%2Fcategories&post=1377"},{"taxonomy":"post_tag","embeddable":true,"href":"https:\/\/javierperezvilla.com\/index.php?rest_route=%2Fwp%2Fv2%2Ftags&post=1377"}],"curies":[{"name":"wp","href":"https:\/\/api.w.org\/{rel}","templated":true}]}}