{"id":150,"date":"2013-12-03T09:29:36","date_gmt":"2013-12-03T09:29:36","guid":{"rendered":"http:\/\/lossitiosabogados.com\/blog\/?p=150"},"modified":"2013-12-03T09:29:36","modified_gmt":"2013-12-03T09:29:36","slug":"el-rayo-vallecano-abandona-el-concurso-de-acreedores","status":"publish","type":"post","link":"https:\/\/javierperezvilla.com\/?p=150","title":{"rendered":"EL RAYO VALLECANO ABANDONA EL CONCURSO DE ACREEDORES."},"content":{"rendered":"<p><a href=\"http:\/\/lossitiosabogados.com\/blog\/wp-content\/uploads\/2013\/12\/Rayo-vallecano.jpg\"><img loading=\"lazy\" decoding=\"async\" class=\"aligncenter size-full wp-image-151\" src=\"http:\/\/lossitiosabogados.com\/blog\/wp-content\/uploads\/2013\/12\/Rayo-vallecano.jpg\" alt=\"Rayo vallecano\" width=\"896\" height=\"491\" \/><\/a><\/p>\n<p>&nbsp;<\/p>\n<p style=\"text-align:justify;\">El club Rayo Vallecano, aprob\u00f3 el <b>convenio<\/b> propuesto en junta de <b>acreedores<\/b>, logrando un amplio apoyo, que se cifr\u00f3, finalmente, en el 75 por ciento de su pasivo. Con ello el hist\u00f3rico club madrile\u00f1o, da el primer paso para salir del <b>concurso de acreedores<\/b> en el que se encontraba inmerso, desde junio de 2.011.<\/p>\n<p>&nbsp;<\/p>\n<p>Buenas noticias para el f\u00fatbol espa\u00f1ol.<\/p>\n<p>&nbsp;<\/p>\n<p><b>Javier P\u00e9rez Villa.\u00a0<\/b><\/p>\n<p>&nbsp;<\/p>\n","protected":false},"excerpt":{"rendered":"<p>&nbsp; El club Rayo Vallecano, aprob\u00f3 el convenio propuesto en junta de acreedores, logrando un amplio apoyo, que se cifr\u00f3, finalmente, en el 75 por ciento de su pasivo. Con ello el hist\u00f3rico club madrile\u00f1o, da el primer paso para salir del concurso de acreedores&nbsp;<a class=\"read-more\" href=\"https:\/\/javierperezvilla.com\/?p=150\">Leer m\u00e1s<\/a><\/p>\n","protected":false},"author":1,"featured_media":0,"comment_status":"open","ping_status":"open","sticky":false,"template":"","format":"standard","meta":{"footnotes":""},"categories":[79],"tags":[3,7],"class_list":["post-150","post","type-post","status-publish","format-standard","hentry","category-noticias-derecho-deportivo","tag-derecho-deportivo-2","tag-noticias-2"],"_links":{"self":[{"href":"https:\/\/javierperezvilla.com\/index.php?rest_route=\/wp\/v2\/posts\/150","targetHints":{"allow":["GET"]}}],"collection":[{"href":"https:\/\/javierperezvilla.com\/index.php?rest_route=\/wp\/v2\/posts"}],"about":[{"href":"https:\/\/javierperezvilla.com\/index.php?rest_route=\/wp\/v2\/types\/post"}],"author":[{"embeddable":true,"href":"https:\/\/javierperezvilla.com\/index.php?rest_route=\/wp\/v2\/users\/1"}],"replies":[{"embeddable":true,"href":"https:\/\/javierperezvilla.com\/index.php?rest_route=%2Fwp%2Fv2%2Fcomments&post=150"}],"version-history":[{"count":0,"href":"https:\/\/javierperezvilla.com\/index.php?rest_route=\/wp\/v2\/posts\/150\/revisions"}],"wp:attachment":[{"href":"https:\/\/javierperezvilla.com\/index.php?rest_route=%2Fwp%2Fv2%2Fmedia&parent=150"}],"wp:term":[{"taxonomy":"category","embeddable":true,"href":"https:\/\/javierperezvilla.com\/index.php?rest_route=%2Fwp%2Fv2%2Fcategories&post=150"},{"taxonomy":"post_tag","embeddable":true,"href":"https:\/\/javierperezvilla.com\/index.php?rest_route=%2Fwp%2Fv2%2Ftags&post=150"}],"curies":[{"name":"wp","href":"https:\/\/api.w.org\/{rel}","templated":true}]}}