{"id":1604,"date":"2016-03-21T12:00:39","date_gmt":"2016-03-21T11:00:39","guid":{"rendered":"https:\/\/javierperezvilla.com\/?p=1604"},"modified":"2016-03-21T12:00:39","modified_gmt":"2016-03-21T11:00:39","slug":"ii-jornadas-de-derecho-y-gestion-deportiva-en-caceres","status":"publish","type":"post","link":"https:\/\/javierperezvilla.com\/?p=1604","title":{"rendered":"II Jornadas de Derecho y Gesti\u00f3n Deportiva en C\u00e1ceres"},"content":{"rendered":"<p style=\"text-align:justify;\">El pr\u00f3ximo 21 de abril se celebrar\u00e1n en C\u00e1ceres las \u00a0<strong>II Jornadas de Derecho y Gesti\u00f3n Deportiva<\/strong>.<\/p>\n<p style=\"text-align:justify;\"><a href=\"https:\/\/javierperezvilla.com\/wp-content\/uploads\/2016\/02\/fraude-apuestas-deportivas.jpg\" rel=\"attachment wp-att-1697\"><img loading=\"lazy\" decoding=\"async\" class=\"alignleft size-medium wp-image-1697\" src=\"https:\/\/javierperezvilla.com\/wp-content\/uploads\/2016\/02\/fraude-apuestas-deportivas.jpg?w=300\" alt=\"\" width=\"300\" height=\"169\" srcset=\"https:\/\/javierperezvilla.com\/wp-content\/uploads\/2016\/02\/fraude-apuestas-deportivas.jpg 644w, https:\/\/javierperezvilla.com\/wp-content\/uploads\/2016\/02\/fraude-apuestas-deportivas-300x169.jpg 300w\" sizes=\"auto, (max-width: 300px) 100vw, 300px\" \/><\/a>Las jornadas, organizadas por la <strong>Asociaci\u00f3n de Derecho Deportivo de Extremadura<\/strong> y la <strong>Asociaci\u00f3n de Gestores del Deporte de Extremadura<\/strong> se llevar\u00e1n a cabo en la Facultad de Ciencias del Deporte de la Universidad de Extremadura.<\/p>\n<p style=\"text-align:justify;\">M\u00e1s informaci\u00f3n sobre el evento en este <strong><a href=\"http:\/\/www.agedex.org\/ficheros\/archivos\/2016_02\/ii-jornadas-de-derecho-deportivo-y-gestion-deportiva.pdf\" target=\"_blank\" rel=\"noopener\">enlace<\/a><\/strong>.<\/p>\n<footer class=\"story-footer story-content\">\n<div class=\"story-meta\" style=\"text-align:justify;\">\u00a0Javier P\u00e9rez Villa<\/div>\n<\/footer>\n","protected":false},"excerpt":{"rendered":"<p>El pr\u00f3ximo 21 de abril se celebrar\u00e1n en C\u00e1ceres las \u00a0II Jornadas de Derecho y Gesti\u00f3n Deportiva. Las jornadas, organizadas por la Asociaci\u00f3n de Derecho Deportivo de Extremadura y la Asociaci\u00f3n de Gestores del Deporte de Extremadura se llevar\u00e1n a cabo en la Facultad de&nbsp;<a class=\"read-more\" href=\"https:\/\/javierperezvilla.com\/?p=1604\">Leer m\u00e1s<\/a><\/p>\n","protected":false},"author":1,"featured_media":0,"comment_status":"open","ping_status":"open","sticky":false,"template":"","format":"gallery","meta":{"footnotes":""},"categories":[79],"tags":[67,3,7],"class_list":["post-1604","post","type-post","status-publish","format-gallery","hentry","category-noticias-derecho-deportivo","tag-congresos","tag-derecho-deportivo-2","tag-noticias-2","post_format-post-format-gallery"],"_links":{"self":[{"href":"https:\/\/javierperezvilla.com\/index.php?rest_route=\/wp\/v2\/posts\/1604","targetHints":{"allow":["GET"]}}],"collection":[{"href":"https:\/\/javierperezvilla.com\/index.php?rest_route=\/wp\/v2\/posts"}],"about":[{"href":"https:\/\/javierperezvilla.com\/index.php?rest_route=\/wp\/v2\/types\/post"}],"author":[{"embeddable":true,"href":"https:\/\/javierperezvilla.com\/index.php?rest_route=\/wp\/v2\/users\/1"}],"replies":[{"embeddable":true,"href":"https:\/\/javierperezvilla.com\/index.php?rest_route=%2Fwp%2Fv2%2Fcomments&post=1604"}],"version-history":[{"count":0,"href":"https:\/\/javierperezvilla.com\/index.php?rest_route=\/wp\/v2\/posts\/1604\/revisions"}],"wp:attachment":[{"href":"https:\/\/javierperezvilla.com\/index.php?rest_route=%2Fwp%2Fv2%2Fmedia&parent=1604"}],"wp:term":[{"taxonomy":"category","embeddable":true,"href":"https:\/\/javierperezvilla.com\/index.php?rest_route=%2Fwp%2Fv2%2Fcategories&post=1604"},{"taxonomy":"post_tag","embeddable":true,"href":"https:\/\/javierperezvilla.com\/index.php?rest_route=%2Fwp%2Fv2%2Ftags&post=1604"}],"curies":[{"name":"wp","href":"https:\/\/api.w.org\/{rel}","templated":true}]}}