{"id":163,"date":"2013-12-05T09:55:52","date_gmt":"2013-12-05T09:55:52","guid":{"rendered":"http:\/\/lossitiosabogados.com\/blog\/?p=163"},"modified":"2013-12-05T09:55:52","modified_gmt":"2013-12-05T09:55:52","slug":"temeraria-la-propuesta-de-convenio-en-el-concurso-de-ecreedores-del-deportivo-segun-la-administracion-concursal","status":"publish","type":"post","link":"https:\/\/javierperezvilla.com\/?p=163","title":{"rendered":"TEMERARIA LA PROPUESTA DE CONVENIO EN EL CONCURSO DE ACREEDORES DEL DEPORTIVO, SEG\u00daN LA ADMINISTRACI\u00d3N CONCURSAL."},"content":{"rendered":"<p style=\"text-align:justify;\">Seg\u00fan el escrito de evaluaci\u00f3n, remitido por la Administraci\u00f3n Concursal, la mercantil AD CRYEX, al Juez que entiende del <b>concurso de acreedores<\/b> del <b>Deportivo de La Coru\u00f1a<\/b>, \u00e9sta califica como \u00abtemeraria\u00bb la propuesta de <b>convenio<\/b> elaborada por el Club, y advierte, a su vez, del peligro de la no aprobaci\u00f3n del mismo, que llevar\u00eda a la sociedad, inexorablemente a la liquidaci\u00f3n, y con ella a la desaparici\u00f3n del Club.<\/p>\n<figure id=\"attachment_164\" aria-describedby=\"caption-attachment-164\" style=\"width: 768px\" class=\"wp-caption aligncenter\"><a href=\"http:\/\/lossitiosabogados.com\/blog\/wp-content\/uploads\/2013\/12\/Condurso-Deportivo-www.rtve_.es_.jpg\"><img loading=\"lazy\" decoding=\"async\" class=\"size-full wp-image-164\" src=\"http:\/\/lossitiosabogados.com\/blog\/wp-content\/uploads\/2013\/12\/Condurso-Deportivo-www.rtve_.es_.jpg\" alt=\"www.rtve.es\" width=\"768\" height=\"432\" \/><\/a><figcaption id=\"caption-attachment-164\" class=\"wp-caption-text\">www.rtve.es<\/figcaption><\/figure>\n<p>&nbsp;<\/p>\n<p style=\"text-align:justify;\">Seg\u00fan iusport.com, AD Cryex ha advertido que \u00abes poco realista la previsi\u00f3n\u00bb de que el convenio de acreedores propuesto por el club, sea aceptada por la Agencia Tributaria, su mayor <b>acreedor <\/b>con 60 millones de euros, acreedor que adem\u00e1s ha realizado su propia propuesta.<\/p>\n<p style=\"text-align:justify;\">No es el mejor comienzo, para la fase de convenio.<\/p>\n<p>Javier P\u00e9rez Villa.<\/p>\n","protected":false},"excerpt":{"rendered":"<p>Seg\u00fan el escrito de evaluaci\u00f3n, remitido por la Administraci\u00f3n Concursal, la mercantil AD CRYEX, al Juez que entiende del concurso de acreedores del Deportivo de La Coru\u00f1a, \u00e9sta califica como \u00abtemeraria\u00bb la propuesta de convenio elaborada por el Club, y advierte, a su vez, del&nbsp;<a class=\"read-more\" href=\"https:\/\/javierperezvilla.com\/?p=163\">Leer m\u00e1s<\/a><\/p>\n","protected":false},"author":1,"featured_media":0,"comment_status":"open","ping_status":"open","sticky":false,"template":"","format":"standard","meta":{"footnotes":""},"categories":[79],"tags":[8,3,7],"class_list":["post-163","post","type-post","status-publish","format-standard","hentry","category-noticias-derecho-deportivo","tag-concurso-de-acreedores","tag-derecho-deportivo-2","tag-noticias-2"],"_links":{"self":[{"href":"https:\/\/javierperezvilla.com\/index.php?rest_route=\/wp\/v2\/posts\/163","targetHints":{"allow":["GET"]}}],"collection":[{"href":"https:\/\/javierperezvilla.com\/index.php?rest_route=\/wp\/v2\/posts"}],"about":[{"href":"https:\/\/javierperezvilla.com\/index.php?rest_route=\/wp\/v2\/types\/post"}],"author":[{"embeddable":true,"href":"https:\/\/javierperezvilla.com\/index.php?rest_route=\/wp\/v2\/users\/1"}],"replies":[{"embeddable":true,"href":"https:\/\/javierperezvilla.com\/index.php?rest_route=%2Fwp%2Fv2%2Fcomments&post=163"}],"version-history":[{"count":0,"href":"https:\/\/javierperezvilla.com\/index.php?rest_route=\/wp\/v2\/posts\/163\/revisions"}],"wp:attachment":[{"href":"https:\/\/javierperezvilla.com\/index.php?rest_route=%2Fwp%2Fv2%2Fmedia&parent=163"}],"wp:term":[{"taxonomy":"category","embeddable":true,"href":"https:\/\/javierperezvilla.com\/index.php?rest_route=%2Fwp%2Fv2%2Fcategories&post=163"},{"taxonomy":"post_tag","embeddable":true,"href":"https:\/\/javierperezvilla.com\/index.php?rest_route=%2Fwp%2Fv2%2Ftags&post=163"}],"curies":[{"name":"wp","href":"https:\/\/api.w.org\/{rel}","templated":true}]}}