{"id":1636,"date":"2016-03-02T10:25:19","date_gmt":"2016-03-02T09:25:19","guid":{"rendered":"https:\/\/javierperezvilla.com\/?p=1636"},"modified":"2016-03-02T10:25:19","modified_gmt":"2016-03-02T09:25:19","slug":"ii-sport-and-global-governance-conference-5-6-mayo","status":"publish","type":"post","link":"https:\/\/javierperezvilla.com\/?p=1636","title":{"rendered":"II Sport and Global Governance Conference 5-6 mayo"},"content":{"rendered":"<p style=\"text-align:justify;\"><a href=\"https:\/\/javierperezvilla.com\/wp-content\/uploads\/2016\/02\/slide02.jpg\" rel=\"attachment wp-att-1637\"><img loading=\"lazy\" decoding=\"async\" class=\"aligncenter size-medium wp-image-1637\" src=\"https:\/\/javierperezvilla.com\/wp-content\/uploads\/2016\/02\/slide02.jpg?w=300\" alt=\"slide02\" width=\"300\" height=\"104\" srcset=\"https:\/\/javierperezvilla.com\/wp-content\/uploads\/2016\/02\/slide02.jpg 1440w, https:\/\/javierperezvilla.com\/wp-content\/uploads\/2016\/02\/slide02-300x104.jpg 300w, https:\/\/javierperezvilla.com\/wp-content\/uploads\/2016\/02\/slide02-1024x356.jpg 1024w, https:\/\/javierperezvilla.com\/wp-content\/uploads\/2016\/02\/slide02-768x267.jpg 768w\" sizes=\"auto, (max-width: 300px) 100vw, 300px\" \/><\/a><\/p>\n<p style=\"text-align:justify;\">La Universidad Pompeu Fabra acoger\u00e1 los d\u00edas 5 y 6 de mayo su <strong>segunda edici\u00f3n del Congreso\u00a0Sport and Global Governance Conference,\u00a0<\/strong>en el que analizar\u00e1n diferentes problemas que surgen dentro del mundo del deporte y que este a\u00f1o estar\u00e1 dedicada a los\u00a0desaf\u00edos \u00e9ticos actuales en la gesti\u00f3n deportiva<\/p>\n<div>\n<p style=\"text-align:justify;\">Toda la informaci\u00f3n sobre el congreso se encuentra\u00a0disponible en el este\u00a0<strong><a href=\"http:\/\/eventum.upf.edu\/event_detail\/3677\/detail\/ii-sport-and-global-governance-conference.html\" target=\"_blank\" rel=\"noopener\">enlace<\/a><\/strong>.<\/p>\n<\/div>\n","protected":false},"excerpt":{"rendered":"<p>La Universidad Pompeu Fabra acoger\u00e1 los d\u00edas 5 y 6 de mayo su segunda edici\u00f3n del Congreso\u00a0Sport and Global Governance Conference,\u00a0en el que analizar\u00e1n diferentes problemas que surgen dentro del mundo del deporte y que este a\u00f1o estar\u00e1 dedicada a los\u00a0desaf\u00edos \u00e9ticos actuales en la&nbsp;<a class=\"read-more\" href=\"https:\/\/javierperezvilla.com\/?p=1636\">Leer m\u00e1s<\/a><\/p>\n","protected":false},"author":1,"featured_media":0,"comment_status":"open","ping_status":"open","sticky":false,"template":"","format":"gallery","meta":{"footnotes":""},"categories":[79],"tags":[67,3,7],"class_list":["post-1636","post","type-post","status-publish","format-gallery","hentry","category-noticias-derecho-deportivo","tag-congresos","tag-derecho-deportivo-2","tag-noticias-2","post_format-post-format-gallery"],"_links":{"self":[{"href":"https:\/\/javierperezvilla.com\/index.php?rest_route=\/wp\/v2\/posts\/1636","targetHints":{"allow":["GET"]}}],"collection":[{"href":"https:\/\/javierperezvilla.com\/index.php?rest_route=\/wp\/v2\/posts"}],"about":[{"href":"https:\/\/javierperezvilla.com\/index.php?rest_route=\/wp\/v2\/types\/post"}],"author":[{"embeddable":true,"href":"https:\/\/javierperezvilla.com\/index.php?rest_route=\/wp\/v2\/users\/1"}],"replies":[{"embeddable":true,"href":"https:\/\/javierperezvilla.com\/index.php?rest_route=%2Fwp%2Fv2%2Fcomments&post=1636"}],"version-history":[{"count":0,"href":"https:\/\/javierperezvilla.com\/index.php?rest_route=\/wp\/v2\/posts\/1636\/revisions"}],"wp:attachment":[{"href":"https:\/\/javierperezvilla.com\/index.php?rest_route=%2Fwp%2Fv2%2Fmedia&parent=1636"}],"wp:term":[{"taxonomy":"category","embeddable":true,"href":"https:\/\/javierperezvilla.com\/index.php?rest_route=%2Fwp%2Fv2%2Fcategories&post=1636"},{"taxonomy":"post_tag","embeddable":true,"href":"https:\/\/javierperezvilla.com\/index.php?rest_route=%2Fwp%2Fv2%2Ftags&post=1636"}],"curies":[{"name":"wp","href":"https:\/\/api.w.org\/{rel}","templated":true}]}}