{"id":1677,"date":"2016-02-26T10:17:02","date_gmt":"2016-02-26T09:17:02","guid":{"rendered":"https:\/\/javierperezvilla.com\/?p=1677"},"modified":"2016-02-26T10:17:02","modified_gmt":"2016-02-26T09:17:02","slug":"el-comite-de-etica-de-fifa-estudia-inhabilitar-a-dos-exmandatarios-de-conmebol","status":"publish","type":"post","link":"https:\/\/javierperezvilla.com\/?p=1677","title":{"rendered":"El Comit\u00e9 de \u00c9tica de FIFA estudia inhabilitar a dos exmandatarios de CONMEBOL"},"content":{"rendered":"<p style=\"text-align:justify;\">Los\u00a0expresidentes de las federaciones de Colombia y Chile, y exmandatarios de la CONMEBOL,\u00a0Luis Bedoya y Sergio Jadue, podr\u00edan ser sancionados de por vida por el <strong>Comit\u00e9 de \u00c9tica de FIFA<\/strong> para desempe\u00f1ar cualquier actividad ligada al f\u00fatbol, de acuerdo con la noticia que publicaba la pasada semana el portal <a href=\"http:\/\/iusport.com\/not\/14234\/el-comite-de-etica-de-la-fifa-se-propone-la-suspension-vitalicia-de-bedoya-y-jadue\/\" target=\"_blank\" rel=\"noopener\">Iusport<\/a>.<\/p>\n<p style=\"text-align:justify;\"><a href=\"https:\/\/javierperezvilla.com\/wp-content\/uploads\/2016\/02\/conmebol-184727_1280.jpg\" rel=\"attachment wp-att-1701\"><img loading=\"lazy\" decoding=\"async\" class=\"aligncenter size-medium wp-image-1701\" src=\"https:\/\/javierperezvilla.com\/wp-content\/uploads\/2016\/02\/conmebol-184727_1280.jpg?w=300\" alt=\"conmebol-184727_1280\" width=\"300\" height=\"199\" srcset=\"https:\/\/javierperezvilla.com\/wp-content\/uploads\/2016\/02\/conmebol-184727_1280.jpg 1280w, https:\/\/javierperezvilla.com\/wp-content\/uploads\/2016\/02\/conmebol-184727_1280-300x199.jpg 300w, https:\/\/javierperezvilla.com\/wp-content\/uploads\/2016\/02\/conmebol-184727_1280-1024x681.jpg 1024w, https:\/\/javierperezvilla.com\/wp-content\/uploads\/2016\/02\/conmebol-184727_1280-768x511.jpg 768w\" sizes=\"auto, (max-width: 300px) 100vw, 300px\" \/><\/a><\/p>\n<p style=\"text-align:justify;\">Los dos ex-mandatarios est\u00e1n involucrados en el\u00a0esc\u00e1ndalo\u00a0de corrupci\u00f3n de FIFA que sali\u00f3 a la luz hace unos meses. Hasta que se formalice la decisi\u00f3n de suspenderlos por incumplir las normas de conducta del <strong>C\u00f3digo \u00c9tico<\/strong> de la instituci\u00f3n, se mantendr\u00e1 la inocencia de ambos.<\/p>\n<p style=\"text-align:justify;\">Javier P\u00e9rez Villa<\/p>\n","protected":false},"excerpt":{"rendered":"<p>Los\u00a0expresidentes de las federaciones de Colombia y Chile, y exmandatarios de la CONMEBOL,\u00a0Luis Bedoya y Sergio Jadue, podr\u00edan ser sancionados de por vida por el Comit\u00e9 de \u00c9tica de FIFA para desempe\u00f1ar cualquier actividad ligada al f\u00fatbol, de acuerdo con la noticia que publicaba la&nbsp;<a class=\"read-more\" href=\"https:\/\/javierperezvilla.com\/?p=1677\">Leer m\u00e1s<\/a><\/p>\n","protected":false},"author":1,"featured_media":0,"comment_status":"open","ping_status":"open","sticky":false,"template":"","format":"gallery","meta":{"footnotes":""},"categories":[79],"tags":[],"class_list":["post-1677","post","type-post","status-publish","format-gallery","hentry","category-noticias-derecho-deportivo","post_format-post-format-gallery"],"_links":{"self":[{"href":"https:\/\/javierperezvilla.com\/index.php?rest_route=\/wp\/v2\/posts\/1677","targetHints":{"allow":["GET"]}}],"collection":[{"href":"https:\/\/javierperezvilla.com\/index.php?rest_route=\/wp\/v2\/posts"}],"about":[{"href":"https:\/\/javierperezvilla.com\/index.php?rest_route=\/wp\/v2\/types\/post"}],"author":[{"embeddable":true,"href":"https:\/\/javierperezvilla.com\/index.php?rest_route=\/wp\/v2\/users\/1"}],"replies":[{"embeddable":true,"href":"https:\/\/javierperezvilla.com\/index.php?rest_route=%2Fwp%2Fv2%2Fcomments&post=1677"}],"version-history":[{"count":0,"href":"https:\/\/javierperezvilla.com\/index.php?rest_route=\/wp\/v2\/posts\/1677\/revisions"}],"wp:attachment":[{"href":"https:\/\/javierperezvilla.com\/index.php?rest_route=%2Fwp%2Fv2%2Fmedia&parent=1677"}],"wp:term":[{"taxonomy":"category","embeddable":true,"href":"https:\/\/javierperezvilla.com\/index.php?rest_route=%2Fwp%2Fv2%2Fcategories&post=1677"},{"taxonomy":"post_tag","embeddable":true,"href":"https:\/\/javierperezvilla.com\/index.php?rest_route=%2Fwp%2Fv2%2Ftags&post=1677"}],"curies":[{"name":"wp","href":"https:\/\/api.w.org\/{rel}","templated":true}]}}