{"id":1703,"date":"2016-03-04T16:00:20","date_gmt":"2016-03-04T15:00:20","guid":{"rendered":"https:\/\/javierperezvilla.com\/?p=1703"},"modified":"2016-03-04T16:00:20","modified_gmt":"2016-03-04T15:00:20","slug":"concurso-de-acreedores-para-la-fundacion-del-elche","status":"publish","type":"post","link":"https:\/\/javierperezvilla.com\/?p=1703","title":{"rendered":"Concurso de acreedores para la Fundaci\u00f3n del Elche"},"content":{"rendered":"<p class=\"entradilla\" style=\"text-align:justify;\">El Instituto Valenciano de Finanzas instaba la pasada semana la entrada en <strong>concurso de acreedores<\/strong> de la <strong>Fundaci\u00f3n Elche<\/strong>, debido a la actual situaci\u00f3n en la que se encuentra el club.<\/p>\n<p class=\"entradilla\" style=\"text-align:justify;\"><a href=\"http:\/\/www.lawyersportslaw.com\/wp-content\/uploads\/2016\/02\/escudo_elche_cf.png\" rel=\"attachment wp-att-1712\"><img loading=\"lazy\" decoding=\"async\" class=\"aligncenter size-medium wp-image-1712\" src=\"http:\/\/www.lawyersportslaw.com\/wp-content\/uploads\/2016\/02\/escudo_elche_cf.png?w=245\" alt=\"\" width=\"245\" height=\"300\" \/><\/a><\/p>\n<p class=\"entradilla\" style=\"text-align:justify;\">Tal como publica el diario Expansi\u00f3n en este <strong><a href=\"http:\/\/www.expansion.com\/valencia\/2016\/02\/22\/56cb378c22601dfc198b45ef.html\" target=\"_blank\" rel=\"noopener\">art\u00edculo<\/a><\/strong>, el IVF tratar\u00e1 de encontrar la mejor soluci\u00f3n tanto para el club, como para la Generalitat, dado que el IVF es el actual due\u00f1o de algo m\u00e1s del 55% de las acciones del club.<\/p>\n<p class=\"entradilla\" style=\"text-align:justify;\">Javier P\u00e9rez Villa.<\/p>\n","protected":false},"excerpt":{"rendered":"<p>El Instituto Valenciano de Finanzas instaba la pasada semana la entrada en concurso de acreedores de la Fundaci\u00f3n Elche, debido a la actual situaci\u00f3n en la que se encuentra el club. Tal como publica el diario Expansi\u00f3n en este art\u00edculo, el IVF tratar\u00e1 de encontrar&nbsp;<a class=\"read-more\" href=\"https:\/\/javierperezvilla.com\/?p=1703\">Leer m\u00e1s<\/a><\/p>\n","protected":false},"author":1,"featured_media":0,"comment_status":"open","ping_status":"open","sticky":false,"template":"","format":"gallery","meta":{"footnotes":""},"categories":[79],"tags":[8,83],"class_list":["post-1703","post","type-post","status-publish","format-gallery","hentry","category-noticias-derecho-deportivo","tag-concurso-de-acreedores","tag-noticias-futbol","post_format-post-format-gallery"],"_links":{"self":[{"href":"https:\/\/javierperezvilla.com\/index.php?rest_route=\/wp\/v2\/posts\/1703","targetHints":{"allow":["GET"]}}],"collection":[{"href":"https:\/\/javierperezvilla.com\/index.php?rest_route=\/wp\/v2\/posts"}],"about":[{"href":"https:\/\/javierperezvilla.com\/index.php?rest_route=\/wp\/v2\/types\/post"}],"author":[{"embeddable":true,"href":"https:\/\/javierperezvilla.com\/index.php?rest_route=\/wp\/v2\/users\/1"}],"replies":[{"embeddable":true,"href":"https:\/\/javierperezvilla.com\/index.php?rest_route=%2Fwp%2Fv2%2Fcomments&post=1703"}],"version-history":[{"count":0,"href":"https:\/\/javierperezvilla.com\/index.php?rest_route=\/wp\/v2\/posts\/1703\/revisions"}],"wp:attachment":[{"href":"https:\/\/javierperezvilla.com\/index.php?rest_route=%2Fwp%2Fv2%2Fmedia&parent=1703"}],"wp:term":[{"taxonomy":"category","embeddable":true,"href":"https:\/\/javierperezvilla.com\/index.php?rest_route=%2Fwp%2Fv2%2Fcategories&post=1703"},{"taxonomy":"post_tag","embeddable":true,"href":"https:\/\/javierperezvilla.com\/index.php?rest_route=%2Fwp%2Fv2%2Ftags&post=1703"}],"curies":[{"name":"wp","href":"https:\/\/api.w.org\/{rel}","templated":true}]}}