{"id":1714,"date":"2016-03-01T09:53:40","date_gmt":"2016-03-01T08:53:40","guid":{"rendered":"https:\/\/javierperezvilla.com\/?p=1714"},"modified":"2016-03-01T09:53:40","modified_gmt":"2016-03-01T08:53:40","slug":"la-norma-fifa-sobre-menores-llega-ante-la-fiscalia","status":"publish","type":"post","link":"https:\/\/javierperezvilla.com\/?p=1714","title":{"rendered":"La norma FIFA sobre menores llega ante la Fiscal\u00eda"},"content":{"rendered":"<p style=\"text-align:justify;\">SOS Racismo present\u00f3 el pasado mes de noviembre una denuncia ante el Defensor del Pueblo contra la <strong>RFEF<\/strong> por vulnerar los derechos de los menores extranjeros para poder jugar al f\u00fatbol debido a las circulares tanto de <strong>FIFA<\/strong> como de la <strong>RFEF<\/strong> en esta materia, seg\u00fan fuentes de\u00a0Iusport.<\/p>\n<p style=\"text-align:justify;\">Por su parte, el Defensor traslad\u00f3 la citada denuncia ante la Fiscal\u00eda General del Estado, que estudiar\u00e1 si esta normativa constituye un delito. La aplicaci\u00f3n de esta norma, cuyo fin es luchar contra el tr\u00e1fico de menores, contraviene el principio de igualdad y no discriminaci\u00f3n recogido por la Constituci\u00f3n Espa\u00f1ola.<\/p>\n<p style=\"text-align:justify;\">La noticia en este <strong><a href=\"http:\/\/iusport.com\/not\/14252\/la-defensora-del-pueblo-traslada-a-la-fiscalia-la-denuncia-contra-la-norma-fifa-sobre-menores\/\" target=\"_blank\" rel=\"noopener\">enlace<\/a><\/strong>.<\/p>\n<p style=\"text-align:justify;\">Javier P\u00e9rez Villa<\/p>\n<p>&nbsp;<\/p>\n<p>&nbsp;<\/p>\n","protected":false},"excerpt":{"rendered":"<p>SOS Racismo present\u00f3 el pasado mes de noviembre una denuncia ante el Defensor del Pueblo contra la RFEF por vulnerar los derechos de los menores extranjeros para poder jugar al f\u00fatbol debido a las circulares tanto de FIFA como de la RFEF en esta materia,&nbsp;<a class=\"read-more\" href=\"https:\/\/javierperezvilla.com\/?p=1714\">Leer m\u00e1s<\/a><\/p>\n","protected":false},"author":1,"featured_media":1720,"comment_status":"open","ping_status":"open","sticky":false,"template":"","format":"image","meta":{"footnotes":""},"categories":[79],"tags":[26,7,83,85],"class_list":["post-1714","post","type-post","status-publish","format-image","has-post-thumbnail","hentry","category-noticias-derecho-deportivo","tag-fifa","tag-noticias-2","tag-noticias-futbol","tag-rfef","post_format-post-format-image"],"_links":{"self":[{"href":"https:\/\/javierperezvilla.com\/index.php?rest_route=\/wp\/v2\/posts\/1714","targetHints":{"allow":["GET"]}}],"collection":[{"href":"https:\/\/javierperezvilla.com\/index.php?rest_route=\/wp\/v2\/posts"}],"about":[{"href":"https:\/\/javierperezvilla.com\/index.php?rest_route=\/wp\/v2\/types\/post"}],"author":[{"embeddable":true,"href":"https:\/\/javierperezvilla.com\/index.php?rest_route=\/wp\/v2\/users\/1"}],"replies":[{"embeddable":true,"href":"https:\/\/javierperezvilla.com\/index.php?rest_route=%2Fwp%2Fv2%2Fcomments&post=1714"}],"version-history":[{"count":0,"href":"https:\/\/javierperezvilla.com\/index.php?rest_route=\/wp\/v2\/posts\/1714\/revisions"}],"wp:featuredmedia":[{"embeddable":true,"href":"https:\/\/javierperezvilla.com\/index.php?rest_route=\/wp\/v2\/media\/1720"}],"wp:attachment":[{"href":"https:\/\/javierperezvilla.com\/index.php?rest_route=%2Fwp%2Fv2%2Fmedia&parent=1714"}],"wp:term":[{"taxonomy":"category","embeddable":true,"href":"https:\/\/javierperezvilla.com\/index.php?rest_route=%2Fwp%2Fv2%2Fcategories&post=1714"},{"taxonomy":"post_tag","embeddable":true,"href":"https:\/\/javierperezvilla.com\/index.php?rest_route=%2Fwp%2Fv2%2Ftags&post=1714"}],"curies":[{"name":"wp","href":"https:\/\/api.w.org\/{rel}","templated":true}]}}