{"id":1753,"date":"2016-03-03T13:00:41","date_gmt":"2016-03-03T12:00:41","guid":{"rendered":"https:\/\/javierperezvilla.com\/?p=1753"},"modified":"2016-03-03T13:00:41","modified_gmt":"2016-03-03T12:00:41","slug":"platini-recurre-ante-el-tas-la-decision-de-fifa","status":"publish","type":"post","link":"https:\/\/javierperezvilla.com\/?p=1753","title":{"rendered":"Platini recurre ante el TAS la decisi\u00f3n de FIFA"},"content":{"rendered":"<p style=\"text-align:justify;\"><strong>Michel Platini<\/strong> ha recurrido ante el <strong>TAS<\/strong> la decisi\u00f3n del Comit\u00e9 de Apelaci\u00f3n de FIFA del pasado d\u00eda 24 que lo inhabilitaba durante 6 a\u00f1os del ejercicio de cualquier actividad relacionada con el f\u00fatbol.<\/p>\n<p style=\"text-align:justify;\">Se pone en marcha de esta forma\u00a0el procedimiento de arbitraje.<\/p>\n<p>El comunicado del TAS est\u00e1 disponible en este <strong><a href=\"http:\/\/www.tas-cas.org\/fileadmin\/user_upload\/Media_Release_Platini_FIFA_Mar_16.pdf\" target=\"_blank\" rel=\"noopener\">enlace<\/a><\/strong>.<\/p>\n<p>Javier P\u00e9rez Villa<\/p>\n","protected":false},"excerpt":{"rendered":"<p>Michel Platini ha recurrido ante el TAS la decisi\u00f3n del Comit\u00e9 de Apelaci\u00f3n de FIFA del pasado d\u00eda 24 que lo inhabilitaba durante 6 a\u00f1os del ejercicio de cualquier actividad relacionada con el f\u00fatbol. Se pone en marcha de esta forma\u00a0el procedimiento de arbitraje. El&nbsp;<a class=\"read-more\" href=\"https:\/\/javierperezvilla.com\/?p=1753\">Leer m\u00e1s<\/a><\/p>\n","protected":false},"author":1,"featured_media":0,"comment_status":"open","ping_status":"open","sticky":false,"template":"","format":"image","meta":{"footnotes":""},"categories":[79],"tags":[26,55,7,37],"class_list":["post-1753","post","type-post","status-publish","format-image","hentry","category-noticias-derecho-deportivo","tag-fifa","tag-football","tag-noticias-2","tag-tas","post_format-post-format-image"],"_links":{"self":[{"href":"https:\/\/javierperezvilla.com\/index.php?rest_route=\/wp\/v2\/posts\/1753","targetHints":{"allow":["GET"]}}],"collection":[{"href":"https:\/\/javierperezvilla.com\/index.php?rest_route=\/wp\/v2\/posts"}],"about":[{"href":"https:\/\/javierperezvilla.com\/index.php?rest_route=\/wp\/v2\/types\/post"}],"author":[{"embeddable":true,"href":"https:\/\/javierperezvilla.com\/index.php?rest_route=\/wp\/v2\/users\/1"}],"replies":[{"embeddable":true,"href":"https:\/\/javierperezvilla.com\/index.php?rest_route=%2Fwp%2Fv2%2Fcomments&post=1753"}],"version-history":[{"count":0,"href":"https:\/\/javierperezvilla.com\/index.php?rest_route=\/wp\/v2\/posts\/1753\/revisions"}],"wp:attachment":[{"href":"https:\/\/javierperezvilla.com\/index.php?rest_route=%2Fwp%2Fv2%2Fmedia&parent=1753"}],"wp:term":[{"taxonomy":"category","embeddable":true,"href":"https:\/\/javierperezvilla.com\/index.php?rest_route=%2Fwp%2Fv2%2Fcategories&post=1753"},{"taxonomy":"post_tag","embeddable":true,"href":"https:\/\/javierperezvilla.com\/index.php?rest_route=%2Fwp%2Fv2%2Ftags&post=1753"}],"curies":[{"name":"wp","href":"https:\/\/api.w.org\/{rel}","templated":true}]}}