{"id":1757,"date":"2016-03-04T08:00:51","date_gmt":"2016-03-04T07:00:51","guid":{"rendered":"https:\/\/javierperezvilla.com\/?p=1757"},"modified":"2016-03-04T08:00:51","modified_gmt":"2016-03-04T07:00:51","slug":"uefa-sanciona-al-galatasaray-por-incumplimiento-del-ffp","status":"publish","type":"post","link":"https:\/\/javierperezvilla.com\/?p=1757","title":{"rendered":"UEFA sanciona al Galatasaray por incumplimiento del FFP"},"content":{"rendered":"<p style=\"text-align:justify;\">Dos temporadas sin jugar competiciones europeas. Esa es la sanci\u00f3n que le ha impuesto la UEFA al Galatasaray por incumplimiento de la normativa sobre el <strong>Fair Play Financiero<\/strong>.<a href=\"https:\/\/javierperezvilla.com\/wp-content\/uploads\/2016\/03\/galatasaray-1236101-640x480-1.jpg\" rel=\"attachment wp-att-1761\"><img loading=\"lazy\" decoding=\"async\" class=\"alignright size-medium wp-image-1761\" src=\"https:\/\/javierperezvilla.com\/wp-content\/uploads\/2016\/03\/galatasaray-1236101-640x480-1.jpg?w=300\" alt=\"galatasaray-1236101-640x480\" width=\"300\" height=\"225\" srcset=\"https:\/\/javierperezvilla.com\/wp-content\/uploads\/2016\/03\/galatasaray-1236101-640x480-1.jpg 640w, https:\/\/javierperezvilla.com\/wp-content\/uploads\/2016\/03\/galatasaray-1236101-640x480-1-300x225.jpg 300w\" sizes=\"auto, (max-width: 300px) 100vw, 300px\" \/><\/a><\/p>\n<p style=\"text-align:justify;\">En el caso de que el equipo se clasifique esta temporada para la Champions o la Europa League, no podr\u00e1 participar, mientras que si no se clasifica, la sanci\u00f3n se trasladar\u00eda a la siguiente temporada.<\/p>\n<p style=\"text-align:justify;\"><strong><a href=\"http:\/\/www.bbc.com\/sport\/football\/35708136\" target=\"_blank\" rel=\"noopener\">Aqu\u00ed <\/a><\/strong>la noticia.<\/p>\n<p style=\"text-align:justify;\">Javier P\u00e9rez Villa<\/p>\n","protected":false},"excerpt":{"rendered":"<p>Dos temporadas sin jugar competiciones europeas. Esa es la sanci\u00f3n que le ha impuesto la UEFA al Galatasaray por incumplimiento de la normativa sobre el Fair Play Financiero. En el caso de que el equipo se clasifique esta temporada para la Champions o la Europa&nbsp;<a class=\"read-more\" href=\"https:\/\/javierperezvilla.com\/?p=1757\">Leer m\u00e1s<\/a><\/p>\n","protected":false},"author":1,"featured_media":0,"comment_status":"open","ping_status":"open","sticky":false,"template":"","format":"gallery","meta":{"footnotes":""},"categories":[79],"tags":[12,83,45],"class_list":["post-1757","post","type-post","status-publish","format-gallery","hentry","category-noticias-derecho-deportivo","tag-futbol","tag-noticias-futbol","tag-uefa","post_format-post-format-gallery"],"_links":{"self":[{"href":"https:\/\/javierperezvilla.com\/index.php?rest_route=\/wp\/v2\/posts\/1757","targetHints":{"allow":["GET"]}}],"collection":[{"href":"https:\/\/javierperezvilla.com\/index.php?rest_route=\/wp\/v2\/posts"}],"about":[{"href":"https:\/\/javierperezvilla.com\/index.php?rest_route=\/wp\/v2\/types\/post"}],"author":[{"embeddable":true,"href":"https:\/\/javierperezvilla.com\/index.php?rest_route=\/wp\/v2\/users\/1"}],"replies":[{"embeddable":true,"href":"https:\/\/javierperezvilla.com\/index.php?rest_route=%2Fwp%2Fv2%2Fcomments&post=1757"}],"version-history":[{"count":0,"href":"https:\/\/javierperezvilla.com\/index.php?rest_route=\/wp\/v2\/posts\/1757\/revisions"}],"wp:attachment":[{"href":"https:\/\/javierperezvilla.com\/index.php?rest_route=%2Fwp%2Fv2%2Fmedia&parent=1757"}],"wp:term":[{"taxonomy":"category","embeddable":true,"href":"https:\/\/javierperezvilla.com\/index.php?rest_route=%2Fwp%2Fv2%2Fcategories&post=1757"},{"taxonomy":"post_tag","embeddable":true,"href":"https:\/\/javierperezvilla.com\/index.php?rest_route=%2Fwp%2Fv2%2Ftags&post=1757"}],"curies":[{"name":"wp","href":"https:\/\/api.w.org\/{rel}","templated":true}]}}