{"id":176,"date":"2013-12-16T08:36:44","date_gmt":"2013-12-16T08:36:44","guid":{"rendered":"http:\/\/lossitiosabogados.com\/blog\/?p=176"},"modified":"2013-12-16T08:36:44","modified_gmt":"2013-12-16T08:36:44","slug":"176","status":"publish","type":"post","link":"https:\/\/javierperezvilla.com\/?p=176","title":{"rendered":"UEFA, EN CONTRA DE LOS FONDOS DE INVERSI\u00d3N."},"content":{"rendered":"<p style=\"text-align:justify;\">La semana pasada, la\u00a0<strong>UEFA<\/strong>, celebr\u00f3 una sesi\u00f3n de su Comit\u00e9 Ejecutivo, en Bilbao. Su presidente, Michel Platini, no dej\u00f3 pasar la oportunidad, para reiterar la postura de la organizaci\u00f3n que preside, en contra de los\u00a0<strong>fondos de invesi\u00f3n<\/strong>. Al respecto manifest\u00f3 que:\u00a0<em>\u00abNo aceptaremos que los derechos sobre los jugadores est\u00e9n en manos de instituciones financieras\u00bb.<\/em><\/p>\n<p>&nbsp;<\/p>\n<figure id=\"attachment_177\" aria-describedby=\"caption-attachment-177\" style=\"width: 520px\" class=\"wp-caption aligncenter\"><a href=\"http:\/\/lossitiosabogados.com\/blog\/wp-content\/uploads\/2013\/12\/UEFA-f\u00fatbol-fondos-de-inversi\u00f3n.jpg\"><img loading=\"lazy\" decoding=\"async\" class=\"size-full wp-image-177\" src=\"http:\/\/lossitiosabogados.com\/blog\/wp-content\/uploads\/2013\/12\/UEFA-f\u00fatbol-fondos-de-inversi\u00f3n.jpg\" alt=\"futbolfinanzas.com\" width=\"520\" height=\"354\" \/><\/a><figcaption id=\"caption-attachment-177\" class=\"wp-caption-text\">futbolfinanzas.com<\/figcaption><\/figure>\n<p>&nbsp;<\/p>\n<p style=\"text-align:justify;\">Dicha postura, no coincide con la de la LFP, que ya hemos tenido la oprtunidad de comentar en el alg\u00fan post anterior. Como en casi todo, la virtud est\u00e1 en el medio, por lo que habr\u00e1 que hacer un esfuerzo, y permitir la llegada de estos operadores financieros, al\u00a0<strong>f\u00fatbol<\/strong>, pues el sector necesita de v\u00edas alternativas de financiaci\u00f3n, pero siempre con un f\u00e9rreo control, para que los intereses econ\u00f3micos, no primen sobre los deportivos. La FIFA deber\u00e1 de pronunciarse al respecto.<\/p>\n<p><strong>Javier p\u00e9rez Villa.\u00a0<\/strong><\/p>\n<p>Fuente: iusport.com<\/p>\n<p><a title=\"Accede a la noticia completa.\" href=\"http:\/\/iusport.com\/not\/1298\/platini___no_aceptaremos_que_los_jugadores_esten_en_manos_de_instituciones_financieras_\/?utm_source=twitterfeed&amp;utm_medium=twi\" target=\"_blank\" rel=\"noopener\">Accede a la noticia completa.<\/a><\/p>\n","protected":false},"excerpt":{"rendered":"<p>La semana pasada, la\u00a0UEFA, celebr\u00f3 una sesi\u00f3n de su Comit\u00e9 Ejecutivo, en Bilbao. Su presidente, Michel Platini, no dej\u00f3 pasar la oportunidad, para reiterar la postura de la organizaci\u00f3n que preside, en contra de los\u00a0fondos de invesi\u00f3n. Al respecto manifest\u00f3 que:\u00a0\u00abNo aceptaremos que los derechos&nbsp;<a class=\"read-more\" href=\"https:\/\/javierperezvilla.com\/?p=176\">Leer m\u00e1s<\/a><\/p>\n","protected":false},"author":1,"featured_media":0,"comment_status":"open","ping_status":"open","sticky":false,"template":"","format":"standard","meta":{"footnotes":""},"categories":[79],"tags":[3,7],"class_list":["post-176","post","type-post","status-publish","format-standard","hentry","category-noticias-derecho-deportivo","tag-derecho-deportivo-2","tag-noticias-2"],"_links":{"self":[{"href":"https:\/\/javierperezvilla.com\/index.php?rest_route=\/wp\/v2\/posts\/176","targetHints":{"allow":["GET"]}}],"collection":[{"href":"https:\/\/javierperezvilla.com\/index.php?rest_route=\/wp\/v2\/posts"}],"about":[{"href":"https:\/\/javierperezvilla.com\/index.php?rest_route=\/wp\/v2\/types\/post"}],"author":[{"embeddable":true,"href":"https:\/\/javierperezvilla.com\/index.php?rest_route=\/wp\/v2\/users\/1"}],"replies":[{"embeddable":true,"href":"https:\/\/javierperezvilla.com\/index.php?rest_route=%2Fwp%2Fv2%2Fcomments&post=176"}],"version-history":[{"count":0,"href":"https:\/\/javierperezvilla.com\/index.php?rest_route=\/wp\/v2\/posts\/176\/revisions"}],"wp:attachment":[{"href":"https:\/\/javierperezvilla.com\/index.php?rest_route=%2Fwp%2Fv2%2Fmedia&parent=176"}],"wp:term":[{"taxonomy":"category","embeddable":true,"href":"https:\/\/javierperezvilla.com\/index.php?rest_route=%2Fwp%2Fv2%2Fcategories&post=176"},{"taxonomy":"post_tag","embeddable":true,"href":"https:\/\/javierperezvilla.com\/index.php?rest_route=%2Fwp%2Fv2%2Ftags&post=176"}],"curies":[{"name":"wp","href":"https:\/\/api.w.org\/{rel}","templated":true}]}}