{"id":1778,"date":"2016-03-09T12:46:24","date_gmt":"2016-03-09T11:46:24","guid":{"rendered":"https:\/\/javierperezvilla.com\/?p=1778"},"modified":"2016-03-09T12:46:24","modified_gmt":"2016-03-09T11:46:24","slug":"sebino-plaku-denuncia-ante-el-tas-un-caso-de-bullying","status":"publish","type":"post","link":"https:\/\/javierperezvilla.com\/?p=1778","title":{"rendered":"Sebino Plaku denuncia ante el TAS un caso de bullying"},"content":{"rendered":"<p style=\"text-align:justify;\">FIFPro se hizo eco de la denuncia que el jugador Sebino Plaku ha presentado ante el <strong>TAS<\/strong>, por un caso de <strong>bullying\u00a0<\/strong>sufrido en durante su estancia en un club polaco.\u00a0<a href=\"https:\/\/javierperezvilla.com\/wp-content\/uploads\/2016\/02\/fifpro_logo.jpg\" rel=\"attachment wp-att-1528\"><img loading=\"lazy\" decoding=\"async\" class=\"alignleft size-medium wp-image-1528\" src=\"https:\/\/javierperezvilla.com\/wp-content\/uploads\/2016\/02\/fifpro_logo.jpg?w=300\" alt=\"FIFPro_logo\" width=\"300\" height=\"207\" srcset=\"https:\/\/javierperezvilla.com\/wp-content\/uploads\/2016\/02\/fifpro_logo.jpg 710w, https:\/\/javierperezvilla.com\/wp-content\/uploads\/2016\/02\/fifpro_logo-300x207.jpg 300w\" sizes=\"auto, (max-width: 300px) 100vw, 300px\" \/><\/a><\/p>\n<p style=\"text-align:justify;\">El jugador se ha decidido a\u00a0recurrir ante el <strong>TAS<\/strong> la decisi\u00f3n de la Federaci\u00f3n Polaca de F\u00fatbol sobre la rescisi\u00f3n de\u00a0su contrato con el club polaco en el que militaba sin obtener indemnizaci\u00f3n alguna.<\/p>\n<p style=\"text-align:justify;\">Seg\u00fan publica \u00a0<strong><a href=\"https:\/\/www.fifpro.org\/es\/noticias\/caso-de-intimidacion-club-coco-llega-al-tribunal-deportivo\" target=\"_blank\" rel=\"noopener\">FIFPro<\/a><\/strong>, el club le oblig\u00f3 a realizar jornadas de entrenamiento de\u00a0seis d\u00edas a la semana durante\u00a0ma\u00f1ana, tarde y noche, cuando se neg\u00f3 a reducir su salario a menos de la mitad del importe que se hab\u00eda negociado en su contrato. As\u00ed mismo denunciaba la realizaci\u00f3n de tareas que no ten\u00edan que ver con su condici\u00f3n de jugador.<\/p>\n<p style=\"text-align:justify;\">Javier P\u00e9rez Villa<\/p>\n","protected":false},"excerpt":{"rendered":"<p>FIFPro se hizo eco de la denuncia que el jugador Sebino Plaku ha presentado ante el TAS, por un caso de bullying\u00a0sufrido en durante su estancia en un club polaco.\u00a0 El jugador se ha decidido a\u00a0recurrir ante el TAS la decisi\u00f3n de la Federaci\u00f3n Polaca&nbsp;<a class=\"read-more\" href=\"https:\/\/javierperezvilla.com\/?p=1778\">Leer m\u00e1s<\/a><\/p>\n","protected":false},"author":1,"featured_media":0,"comment_status":"open","ping_status":"open","sticky":false,"template":"","format":"gallery","meta":{"footnotes":""},"categories":[79],"tags":[],"class_list":["post-1778","post","type-post","status-publish","format-gallery","hentry","category-noticias-derecho-deportivo","post_format-post-format-gallery"],"_links":{"self":[{"href":"https:\/\/javierperezvilla.com\/index.php?rest_route=\/wp\/v2\/posts\/1778","targetHints":{"allow":["GET"]}}],"collection":[{"href":"https:\/\/javierperezvilla.com\/index.php?rest_route=\/wp\/v2\/posts"}],"about":[{"href":"https:\/\/javierperezvilla.com\/index.php?rest_route=\/wp\/v2\/types\/post"}],"author":[{"embeddable":true,"href":"https:\/\/javierperezvilla.com\/index.php?rest_route=\/wp\/v2\/users\/1"}],"replies":[{"embeddable":true,"href":"https:\/\/javierperezvilla.com\/index.php?rest_route=%2Fwp%2Fv2%2Fcomments&post=1778"}],"version-history":[{"count":0,"href":"https:\/\/javierperezvilla.com\/index.php?rest_route=\/wp\/v2\/posts\/1778\/revisions"}],"wp:attachment":[{"href":"https:\/\/javierperezvilla.com\/index.php?rest_route=%2Fwp%2Fv2%2Fmedia&parent=1778"}],"wp:term":[{"taxonomy":"category","embeddable":true,"href":"https:\/\/javierperezvilla.com\/index.php?rest_route=%2Fwp%2Fv2%2Fcategories&post=1778"},{"taxonomy":"post_tag","embeddable":true,"href":"https:\/\/javierperezvilla.com\/index.php?rest_route=%2Fwp%2Fv2%2Ftags&post=1778"}],"curies":[{"name":"wp","href":"https:\/\/api.w.org\/{rel}","templated":true}]}}