{"id":1796,"date":"2016-03-08T17:30:34","date_gmt":"2016-03-08T16:30:34","guid":{"rendered":"https:\/\/javierperezvilla.com\/?p=1796"},"modified":"2016-03-08T17:30:34","modified_gmt":"2016-03-08T16:30:34","slug":"el-tc-suspende-temporalmente-la-ley-catalana-del-deporte","status":"publish","type":"post","link":"https:\/\/javierperezvilla.com\/?p=1796","title":{"rendered":"El TC suspende temporalmente la Ley Catalana del Deporte"},"content":{"rendered":"<p style=\"text-align:justify;\">El pasado d\u00eda 4 de marzo, el TC dictaba una providencia mediante la cual daba traslado tanto al Congreso de los Diputados y al Senado, as\u00ed como al Parlamento y a la Generalitat de Catalu\u00f1a, de la admisi\u00f3n a tr\u00e1mite del recurso de inconstitucionalidad que present\u00f3 el gobierno contra la <strong>Ley Catalana del Deporte<\/strong>.<\/p>\n<div>\n<p class=\"Xdef\" style=\"text-align:justify;\" align=\"justify\"><a href=\"https:\/\/javierperezvilla.com\/wp-content\/uploads\/2016\/03\/1024px-tribunal_constitucional.jpg\" rel=\"attachment wp-att-1798\"><img loading=\"lazy\" decoding=\"async\" class=\"aligncenter size-full wp-image-1798\" src=\"https:\/\/javierperezvilla.com\/wp-content\/uploads\/2016\/03\/1024px-tribunal_constitucional.jpg\" alt=\"1024px-Tribunal_Constitucional\" width=\"940\" height=\"529\" srcset=\"https:\/\/javierperezvilla.com\/wp-content\/uploads\/2016\/03\/1024px-tribunal_constitucional.jpg 1024w, https:\/\/javierperezvilla.com\/wp-content\/uploads\/2016\/03\/1024px-tribunal_constitucional-300x169.jpg 300w, https:\/\/javierperezvilla.com\/wp-content\/uploads\/2016\/03\/1024px-tribunal_constitucional-768x432.jpg 768w\" sizes=\"auto, (max-width: 940px) 100vw, 940px\" \/><\/a><\/p>\n<p class=\"Xdef\" style=\"text-align:justify;\" align=\"justify\">El Gobierno de Espa\u00f1a present\u00f3 un recurso al considerar que la citada Ley vulnera la unidad de mercado y excede las competencias del gobierno catal\u00e1n para otorgar a la Secretaria de Deporte la facultad de\u00a0firmar acuerdos con otros pa\u00edses, dado que Catalu\u00f1a carece de competencias para poder firmar acuerdos internacionales.<\/p>\n<\/div>\n<p class=\"Xdef\" style=\"text-align:justify;\" align=\"justify\">Las partes disponen ahora de un plazo de 15 d\u00edas para formular la alegaciones que estimen oportunas.<\/p>\n<p class=\"Xdef\" style=\"text-align:justify;\" align=\"justify\">Javier P\u00e9rez Villa<\/p>\n","protected":false},"excerpt":{"rendered":"<p>El pasado d\u00eda 4 de marzo, el TC dictaba una providencia mediante la cual daba traslado tanto al Congreso de los Diputados y al Senado, as\u00ed como al Parlamento y a la Generalitat de Catalu\u00f1a, de la admisi\u00f3n a tr\u00e1mite del recurso de inconstitucionalidad que&nbsp;<a class=\"read-more\" href=\"https:\/\/javierperezvilla.com\/?p=1796\">Leer m\u00e1s<\/a><\/p>\n","protected":false},"author":1,"featured_media":0,"comment_status":"open","ping_status":"open","sticky":false,"template":"","format":"gallery","meta":{"footnotes":""},"categories":[79],"tags":[3,7],"class_list":["post-1796","post","type-post","status-publish","format-gallery","hentry","category-noticias-derecho-deportivo","tag-derecho-deportivo-2","tag-noticias-2","post_format-post-format-gallery"],"_links":{"self":[{"href":"https:\/\/javierperezvilla.com\/index.php?rest_route=\/wp\/v2\/posts\/1796","targetHints":{"allow":["GET"]}}],"collection":[{"href":"https:\/\/javierperezvilla.com\/index.php?rest_route=\/wp\/v2\/posts"}],"about":[{"href":"https:\/\/javierperezvilla.com\/index.php?rest_route=\/wp\/v2\/types\/post"}],"author":[{"embeddable":true,"href":"https:\/\/javierperezvilla.com\/index.php?rest_route=\/wp\/v2\/users\/1"}],"replies":[{"embeddable":true,"href":"https:\/\/javierperezvilla.com\/index.php?rest_route=%2Fwp%2Fv2%2Fcomments&post=1796"}],"version-history":[{"count":0,"href":"https:\/\/javierperezvilla.com\/index.php?rest_route=\/wp\/v2\/posts\/1796\/revisions"}],"wp:attachment":[{"href":"https:\/\/javierperezvilla.com\/index.php?rest_route=%2Fwp%2Fv2%2Fmedia&parent=1796"}],"wp:term":[{"taxonomy":"category","embeddable":true,"href":"https:\/\/javierperezvilla.com\/index.php?rest_route=%2Fwp%2Fv2%2Fcategories&post=1796"},{"taxonomy":"post_tag","embeddable":true,"href":"https:\/\/javierperezvilla.com\/index.php?rest_route=%2Fwp%2Fv2%2Ftags&post=1796"}],"curies":[{"name":"wp","href":"https:\/\/api.w.org\/{rel}","templated":true}]}}