{"id":1815,"date":"2016-03-14T16:30:35","date_gmt":"2016-03-14T15:30:35","guid":{"rendered":"https:\/\/javierperezvilla.com\/?p=1815"},"modified":"2016-03-14T16:30:35","modified_gmt":"2016-03-14T15:30:35","slug":"fifa-endurece-las-sanciones-a-los-implicados-en-casos-de-amano-en-italia","status":"publish","type":"post","link":"https:\/\/javierperezvilla.com\/?p=1815","title":{"rendered":"FIFA endurece las sanciones a los implicados en casos de ama\u00f1o en Italia"},"content":{"rendered":"<p style=\"text-align:justify;\">Las sanciones que se impusieron a al menos 23 jugadores y dirigentes en Italia referentes a los <strong>ama\u00f1os<\/strong> que se llevaron a cabo entre 2014 y 2015, se extender\u00e1n a nivel mundial seg\u00fan anunci\u00f3 <strong>FIFA<\/strong>.<\/p>\n<p style=\"text-align:justify;\"><a href=\"https:\/\/javierperezvilla.com\/wp-content\/uploads\/2016\/03\/cash-money-1520773-640x480-1.jpg\" rel=\"attachment wp-att-1819\"><img loading=\"lazy\" decoding=\"async\" class=\"aligncenter wp-image-1819 size-full\" src=\"https:\/\/javierperezvilla.com\/wp-content\/uploads\/2016\/03\/cash-money-1520773-640x480-1.jpg\" alt=\"\" width=\"640\" height=\"480\" srcset=\"https:\/\/javierperezvilla.com\/wp-content\/uploads\/2016\/03\/cash-money-1520773-640x480-1.jpg 640w, https:\/\/javierperezvilla.com\/wp-content\/uploads\/2016\/03\/cash-money-1520773-640x480-1-300x225.jpg 300w\" sizes=\"auto, (max-width: 640px) 100vw, 640px\" \/><\/a><\/p>\n<p style=\"text-align:justify;\">Todos los implicados en el esc\u00e1ndalo fueron sancionados por las autoridades del pa\u00eds para no poder tomar parte en actividades relacionadas con el f\u00fatbol. Ahora el Comit\u00e9 de Disciplina de <strong>FIFA<\/strong> ha decidido que estas sanciones se hagan extensibles a nivel mundial.<\/p>\n<p style=\"text-align:justify;\">Fuente: <a href=\"http:\/\/es.reuters.com\/article\/sportsNews\/idESKCN0WA1EY\" target=\"_blank\" rel=\"noopener\">Reuters Espa\u00f1a.<\/a><\/p>\n<p style=\"text-align:justify;\">Javier P\u00e9rez Villa<\/p>\n<p>&nbsp;<\/p>\n<p>&nbsp;<\/p>\n","protected":false},"excerpt":{"rendered":"<p>Las sanciones que se impusieron a al menos 23 jugadores y dirigentes en Italia referentes a los ama\u00f1os que se llevaron a cabo entre 2014 y 2015, se extender\u00e1n a nivel mundial seg\u00fan anunci\u00f3 FIFA. Todos los implicados en el esc\u00e1ndalo fueron sancionados por las&nbsp;<a class=\"read-more\" href=\"https:\/\/javierperezvilla.com\/?p=1815\">Leer m\u00e1s<\/a><\/p>\n","protected":false},"author":1,"featured_media":0,"comment_status":"open","ping_status":"open","sticky":false,"template":"","format":"image","meta":{"footnotes":""},"categories":[79],"tags":[26,82,12,7,83],"class_list":["post-1815","post","type-post","status-publish","format-image","hentry","category-noticias-derecho-deportivo","tag-fifa","tag-fraude-deportivo-11","tag-futbol","tag-noticias-2","tag-noticias-futbol","post_format-post-format-image"],"_links":{"self":[{"href":"https:\/\/javierperezvilla.com\/index.php?rest_route=\/wp\/v2\/posts\/1815","targetHints":{"allow":["GET"]}}],"collection":[{"href":"https:\/\/javierperezvilla.com\/index.php?rest_route=\/wp\/v2\/posts"}],"about":[{"href":"https:\/\/javierperezvilla.com\/index.php?rest_route=\/wp\/v2\/types\/post"}],"author":[{"embeddable":true,"href":"https:\/\/javierperezvilla.com\/index.php?rest_route=\/wp\/v2\/users\/1"}],"replies":[{"embeddable":true,"href":"https:\/\/javierperezvilla.com\/index.php?rest_route=%2Fwp%2Fv2%2Fcomments&post=1815"}],"version-history":[{"count":0,"href":"https:\/\/javierperezvilla.com\/index.php?rest_route=\/wp\/v2\/posts\/1815\/revisions"}],"wp:attachment":[{"href":"https:\/\/javierperezvilla.com\/index.php?rest_route=%2Fwp%2Fv2%2Fmedia&parent=1815"}],"wp:term":[{"taxonomy":"category","embeddable":true,"href":"https:\/\/javierperezvilla.com\/index.php?rest_route=%2Fwp%2Fv2%2Fcategories&post=1815"},{"taxonomy":"post_tag","embeddable":true,"href":"https:\/\/javierperezvilla.com\/index.php?rest_route=%2Fwp%2Fv2%2Ftags&post=1815"}],"curies":[{"name":"wp","href":"https:\/\/api.w.org\/{rel}","templated":true}]}}