{"id":1839,"date":"2016-03-16T13:27:21","date_gmt":"2016-03-16T12:27:21","guid":{"rendered":"https:\/\/javierperezvilla.com\/?p=1839"},"modified":"2016-03-16T13:27:21","modified_gmt":"2016-03-16T12:27:21","slug":"el-cd-acero-denuncia-a-varios-de-sus-jugadores-por-presunto-amano","status":"publish","type":"post","link":"https:\/\/javierperezvilla.com\/?p=1839","title":{"rendered":"El CD Acero denuncia a varios de sus jugadores por presunto ama\u00f1o"},"content":{"rendered":"<p style=\"text-align:justify;\">El club valenciano Deportivo Acero,\u00a0de\u00a0Tercera Divisi\u00f3n, ha interpuesto una denuncia ante la Fiscal\u00eda Provincial de Valencia contra algunos de sus jugadores por un\u00a0presunto <strong>ama\u00f1o<\/strong> de un<a href=\"http:\/\/www.lawyersportslaw.com\/wp-content\/uploads\/2016\/03\/stadium-seating-1506433-640x480-1.jpg\" rel=\"attachment wp-att-1840\"><img loading=\"lazy\" decoding=\"async\" class=\"alignright size-medium wp-image-1840\" src=\"http:\/\/www.lawyersportslaw.com\/wp-content\/uploads\/2016\/03\/stadium-seating-1506433-640x480-1.jpg?w=300\" alt=\"\" width=\"300\" height=\"225\" srcset=\"https:\/\/javierperezvilla.com\/wp-content\/uploads\/2016\/03\/stadium-seating-1506433-640x480-1.jpg 640w, https:\/\/javierperezvilla.com\/wp-content\/uploads\/2016\/03\/stadium-seating-1506433-640x480-1-300x225.jpg 300w\" sizes=\"auto, (max-width: 300px) 100vw, 300px\" \/><\/a> partido.<\/p>\n<p style=\"text-align:justify;\">De acuerdo con los directivos del club, algunos jugadores podr\u00edan haber\u00a0alterado el resultado del partido jugado durante la pasada jornada 27. Adem\u00e1s sospechan que podr\u00edan haberse realizado <strong>ama\u00f1os<\/strong> en otras ocasiones, por lo que colaborar\u00e1n en la investigaci\u00f3n de los hechos.<\/p>\n<p>Fuente:<strong><a href=\"http:\/\/iusport.com\/not\/14874\/un-club-valenciano-de-tercera-denuncia-a-sus-jugadores-por-un-presunto-amano\/\" target=\"_blank\" rel=\"noopener\"> Iusport\/Efe<\/a><\/strong><\/p>\n<p style=\"text-align:justify;\">Javier P\u00e9rez Villa<\/p>\n","protected":false},"excerpt":{"rendered":"<p>El club valenciano Deportivo Acero,\u00a0de\u00a0Tercera Divisi\u00f3n, ha interpuesto una denuncia ante la Fiscal\u00eda Provincial de Valencia contra algunos de sus jugadores por un\u00a0presunto ama\u00f1o de un partido. De acuerdo con los directivos del club, algunos jugadores podr\u00edan haber\u00a0alterado el resultado del partido jugado durante la&nbsp;<a class=\"read-more\" href=\"https:\/\/javierperezvilla.com\/?p=1839\">Leer m\u00e1s<\/a><\/p>\n","protected":false},"author":1,"featured_media":0,"comment_status":"open","ping_status":"open","sticky":false,"template":"","format":"gallery","meta":{"footnotes":""},"categories":[79],"tags":[82,12,7,83],"class_list":["post-1839","post","type-post","status-publish","format-gallery","hentry","category-noticias-derecho-deportivo","tag-fraude-deportivo-11","tag-futbol","tag-noticias-2","tag-noticias-futbol","post_format-post-format-gallery"],"_links":{"self":[{"href":"https:\/\/javierperezvilla.com\/index.php?rest_route=\/wp\/v2\/posts\/1839","targetHints":{"allow":["GET"]}}],"collection":[{"href":"https:\/\/javierperezvilla.com\/index.php?rest_route=\/wp\/v2\/posts"}],"about":[{"href":"https:\/\/javierperezvilla.com\/index.php?rest_route=\/wp\/v2\/types\/post"}],"author":[{"embeddable":true,"href":"https:\/\/javierperezvilla.com\/index.php?rest_route=\/wp\/v2\/users\/1"}],"replies":[{"embeddable":true,"href":"https:\/\/javierperezvilla.com\/index.php?rest_route=%2Fwp%2Fv2%2Fcomments&post=1839"}],"version-history":[{"count":0,"href":"https:\/\/javierperezvilla.com\/index.php?rest_route=\/wp\/v2\/posts\/1839\/revisions"}],"wp:attachment":[{"href":"https:\/\/javierperezvilla.com\/index.php?rest_route=%2Fwp%2Fv2%2Fmedia&parent=1839"}],"wp:term":[{"taxonomy":"category","embeddable":true,"href":"https:\/\/javierperezvilla.com\/index.php?rest_route=%2Fwp%2Fv2%2Fcategories&post=1839"},{"taxonomy":"post_tag","embeddable":true,"href":"https:\/\/javierperezvilla.com\/index.php?rest_route=%2Fwp%2Fv2%2Ftags&post=1839"}],"curies":[{"name":"wp","href":"https:\/\/api.w.org\/{rel}","templated":true}]}}