{"id":1846,"date":"2016-04-04T17:41:01","date_gmt":"2016-04-04T15:41:01","guid":{"rendered":"https:\/\/javierperezvilla.com\/?p=1846"},"modified":"2016-04-04T17:41:01","modified_gmt":"2016-04-04T15:41:01","slug":"modificaciones-en-la-normativa-rfef","status":"publish","type":"post","link":"https:\/\/javierperezvilla.com\/?p=1846","title":{"rendered":"Modificaciones en la normativa RFEF"},"content":{"rendered":"<p style=\"text-align: justify;\">El pasado mes de diciembre, la Comis\u00f3n Directiva del Consejo Superior de Deportes, aprob\u00f3 varias modificaciones que afectan tanto al reglamento General, como al C\u00f3digo Disciplinario de la RFEF.<\/p>\n<p style=\"text-align: justify;\">En este post, queremos daos cumplida cuenta de las m\u00e1s significativas.<\/p>\n<p style=\"text-align: justify;\">Por lo que al Reglamento se refiere:<\/p>\n<p style=\"text-align: justify;\">1\u00ba) Se modifica la composici\u00f3n de las <span style=\"text-decoration: underline;\">Comisiones Mixtas<\/span>, incluy\u00e9ndose en las mismas, a los equipos de la Tercera Divisi\u00f3n.<\/p>\n<p style=\"text-align: justify;\"><strong><span style=\"text-decoration: underline;\">2\u00ba) Periodos de solicitud de licencias.<\/span><\/strong> Se a\u00f1ade una excepci\u00f3n a la regla general de imposibilidad de inscripci\u00f3n una vez finalizados los dos periodos anualmente establecidos.<\/p>\n<p style=\"text-align: justify;\">As\u00ed, tambi\u00e9n cabr\u00e1 la inscripci\u00f3n fuera de dichos periodos de futbolistas con licencia \u00abA\u00bb desempleados como consecuencia de la finalizaci\u00f3n de su contrato laboral antes de la conclusi\u00f3n de los citados periodos.<\/p>\n<p style=\"text-align: justify;\">3\u00ba) Tambi\u00e9n se modifica el <strong><span style=\"text-decoration: underline;\">n\u00famero de licencias por equipo<\/span>.<\/strong><\/p>\n<p style=\"text-align: justify;\">As\u00ed se aumentan de 6 a 8, el n\u00famero de licencias profesionales, para los equipos de Segunda Divisi\u00f3n B.<\/p>\n<p style=\"text-align: justify;\">4\u00ba) <span style=\"text-decoration: underline;\">Derechos de visado de licencias de entrenadores.<\/span><\/p>\n<p style=\"text-align: justify;\">Ahora la RFEF podr\u00e1 establecer, para cada categor\u00eda, una cuant\u00eda m\u00ednima como derecho de visado de licencia.<\/p>\n<p style=\"text-align: justify;\"><a href=\"https:\/\/javierperezvilla.com\/wp-content\/uploads\/2016\/03\/rfef1.jpg\" rel=\"attachment wp-att-1850\"><img loading=\"lazy\" decoding=\"async\" class=\"alignleft size-medium wp-image-1850\" src=\"https:\/\/javierperezvilla.com\/wp-content\/uploads\/2016\/03\/rfef1.jpg?w=281\" alt=\"RFEF\" width=\"281\" height=\"300\" srcset=\"https:\/\/javierperezvilla.com\/wp-content\/uploads\/2016\/03\/rfef1.jpg 2360w, https:\/\/javierperezvilla.com\/wp-content\/uploads\/2016\/03\/rfef1-281x300.jpg 281w, https:\/\/javierperezvilla.com\/wp-content\/uploads\/2016\/03\/rfef1-959x1024.jpg 959w, https:\/\/javierperezvilla.com\/wp-content\/uploads\/2016\/03\/rfef1-768x820.jpg 768w, https:\/\/javierperezvilla.com\/wp-content\/uploads\/2016\/03\/rfef1-1438x1536.jpg 1438w, https:\/\/javierperezvilla.com\/wp-content\/uploads\/2016\/03\/rfef1-1917x2048.jpg 1917w\" sizes=\"auto, (max-width: 281px) 100vw, 281px\" \/><\/a><\/p>\n<p style=\"text-align: justify;\">5\u00ba)<span style=\"text-decoration: underline;\"> Baja por edad<\/span> de los <span style=\"text-decoration: underline;\">\u00e1rbitros de Tercera Divisi\u00f3n.<\/span><\/p>\n<p style=\"text-align: justify;\">Los Comit\u00e9s T\u00e9cnicos de las Federaciones\u00a0 auton\u00f3micas, podr\u00e1n establecer para los \u00e1rbitros, y los \u00e1rbitros asistentes de Tercera Divisi\u00f3n, un l\u00edmite de edad inferior a la de 40 a\u00f1os.<\/p>\n<p style=\"text-align: justify;\"><span style=\"text-decoration: underline;\">6\u00ba) Aspectos econ\u00f3micos de la <strong>cesi\u00f3n de los campos<\/strong>.<\/span><\/p>\n<p style=\"text-align: justify;\">Por lo que se refiere a los aspectos econ\u00f3micos de la organizaci\u00f3n de partidos, el cambio realizado consiste en que del 1,5 % del beneficio neto derivado de los ingresos por la restransmisi\u00f3n televisada del partido, que recibir\u00e1 el Club obligado por disposici\u00f3n federativa a ceder su campo,\u00a0 se eliminan los correspondientes a la Final de la Copa de SM el Rey la Supercopa de Espa\u00f1a.<\/p>\n<p style=\"text-align: justify;\">Por lo que al C\u00f3digo Disciplinario se refiere:<\/p>\n<p style=\"text-align: justify;\"><span style=\"text-decoration: underline;\">7\u00ba) Conductas contrarias al buen orden deportivo.<\/span> Se contempla la posibilidad de cierre parcial del estadio, en determinadas ciscunstancias.<\/p>\n<p style=\"text-align: justify;\"><span style=\"text-decoration: underline;\">8\u00ba) Propiedad de <strong>derechos econ\u00f3micos de jugadores por parte de terceros.<\/strong><\/span><\/p>\n<p style=\"text-align: justify;\">El incumplimiento de las obligaciones relativas a la propiedad de los derechos econ\u00f3micos de jugadores por parte de terceros, ser\u00e1 considerado como infracci\u00f3n de car\u00e1cter muy grave, y ser\u00e1 sancionado en consecuencia, con multa de 3.006 a 30.051 euros.<\/p>\n<p style=\"text-align: justify;\">Adem\u00e1s de la mencionada multa, podr\u00e1n imponerse como sanciones accesorias,\u00a0 la deducci\u00f3n de puntos en la clasificaci\u00f3n, descenso de categor\u00eda, la suspensi\u00f3n o privaci\u00f3n de licencia en determinados supuestos, etc.<\/p>\n<p style=\"text-align: justify;\"><strong>Javier P\u00e9rez Villa<\/strong><\/p>\n","protected":false},"excerpt":{"rendered":"<p>El pasado mes de diciembre, la Comis\u00f3n Directiva del Consejo Superior de Deportes, aprob\u00f3 varias modificaciones que afectan tanto al reglamento General, como al C\u00f3digo Disciplinario de la RFEF. En este post, queremos daos cumplida cuenta de las m\u00e1s significativas. Por lo que al Reglamento&nbsp;<a class=\"read-more\" href=\"https:\/\/javierperezvilla.com\/?p=1846\">Leer m\u00e1s<\/a><\/p>\n","protected":false},"author":1,"featured_media":1850,"comment_status":"open","ping_status":"open","sticky":false,"template":"","format":"gallery","meta":{"footnotes":""},"categories":[79],"tags":[],"class_list":["post-1846","post","type-post","status-publish","format-gallery","has-post-thumbnail","hentry","category-noticias-derecho-deportivo","post_format-post-format-gallery"],"_links":{"self":[{"href":"https:\/\/javierperezvilla.com\/index.php?rest_route=\/wp\/v2\/posts\/1846","targetHints":{"allow":["GET"]}}],"collection":[{"href":"https:\/\/javierperezvilla.com\/index.php?rest_route=\/wp\/v2\/posts"}],"about":[{"href":"https:\/\/javierperezvilla.com\/index.php?rest_route=\/wp\/v2\/types\/post"}],"author":[{"embeddable":true,"href":"https:\/\/javierperezvilla.com\/index.php?rest_route=\/wp\/v2\/users\/1"}],"replies":[{"embeddable":true,"href":"https:\/\/javierperezvilla.com\/index.php?rest_route=%2Fwp%2Fv2%2Fcomments&post=1846"}],"version-history":[{"count":0,"href":"https:\/\/javierperezvilla.com\/index.php?rest_route=\/wp\/v2\/posts\/1846\/revisions"}],"wp:featuredmedia":[{"embeddable":true,"href":"https:\/\/javierperezvilla.com\/index.php?rest_route=\/wp\/v2\/media\/1850"}],"wp:attachment":[{"href":"https:\/\/javierperezvilla.com\/index.php?rest_route=%2Fwp%2Fv2%2Fmedia&parent=1846"}],"wp:term":[{"taxonomy":"category","embeddable":true,"href":"https:\/\/javierperezvilla.com\/index.php?rest_route=%2Fwp%2Fv2%2Fcategories&post=1846"},{"taxonomy":"post_tag","embeddable":true,"href":"https:\/\/javierperezvilla.com\/index.php?rest_route=%2Fwp%2Fv2%2Ftags&post=1846"}],"curies":[{"name":"wp","href":"https:\/\/api.w.org\/{rel}","templated":true}]}}