{"id":1857,"date":"2016-03-23T12:32:40","date_gmt":"2016-03-23T11:32:40","guid":{"rendered":"https:\/\/javierperezvilla.com\/?p=1857"},"modified":"2016-03-23T12:32:40","modified_gmt":"2016-03-23T11:32:40","slug":"rechazada-la-orden-que-regula-las-elecciones-de-las-federaciones-deportivas","status":"publish","type":"post","link":"https:\/\/javierperezvilla.com\/?p=1857","title":{"rendered":"Rechazada la Orden que regula las elecciones de las federaciones deportivas"},"content":{"rendered":"<p style=\"text-align:justify;\">La Audiencia Nacional rechazaba suspender de manera cautelar la orden ministerial sobre la regulaci\u00f3n de las elecciones en las federaciones deportivas.<\/p>\n<p style=\"text-align:justify;\">Esta solicitud de suspensi\u00f3n\u00a0se hac\u00eda a instancia\u00a0de la <strong>Real Federaci\u00f3n Espa\u00f1ola de F\u00fatbol<\/strong>, que recurri\u00f3 la orden al considerar vulnerados derechos fundamentales en la misma, aunque de acuerdo con el auto emitido por la Sala de lo Contencioso Administrativo, la <strong>RFEF<\/strong> no concret\u00f3 qu\u00e9 da\u00f1os podr\u00eda causarle la aplicaci\u00f3n de la citada orden.<\/p>\n<p style=\"text-align:justify;\"><a href=\"https:\/\/javierperezvilla.com\/wp-content\/uploads\/2016\/03\/383476178_8fe0f5e767_o.jpg\" rel=\"attachment wp-att-1918\"><img loading=\"lazy\" decoding=\"async\" class=\"alignleft size-medium wp-image-1918\" src=\"https:\/\/javierperezvilla.com\/wp-content\/uploads\/2016\/03\/383476178_8fe0f5e767_o.jpg?w=300\" alt=\"383476178_8fe0f5e767_o\" width=\"300\" height=\"225\" srcset=\"https:\/\/javierperezvilla.com\/wp-content\/uploads\/2016\/03\/383476178_8fe0f5e767_o.jpg 2048w, https:\/\/javierperezvilla.com\/wp-content\/uploads\/2016\/03\/383476178_8fe0f5e767_o-300x225.jpg 300w, https:\/\/javierperezvilla.com\/wp-content\/uploads\/2016\/03\/383476178_8fe0f5e767_o-1024x768.jpg 1024w, https:\/\/javierperezvilla.com\/wp-content\/uploads\/2016\/03\/383476178_8fe0f5e767_o-768x576.jpg 768w, https:\/\/javierperezvilla.com\/wp-content\/uploads\/2016\/03\/383476178_8fe0f5e767_o-1536x1152.jpg 1536w\" sizes=\"auto, (max-width: 300px) 100vw, 300px\" \/><\/a>Tal como se indica en el auto, se ha resuelto desatender la solicitud de suspensi\u00f3n cautelar al considerar que los planteamientos aducidos por la <strong>RFEF<\/strong> son generales e imprecisos.<\/p>\n<p>&nbsp;<\/p>\n<p>Fuente: <strong><a href=\"http:\/\/iusport.com\/not\/14910\/la-audiencia-nacional-rechaza-suspender-cautelarmente-las-elecciones-de-la-rfef\/\" target=\"_blank\" rel=\"noopener\">Iusport<\/a><\/strong><\/p>\n<p>Javier P\u00e9rez Villa<\/p>\n","protected":false},"excerpt":{"rendered":"<p>La Audiencia Nacional rechazaba suspender de manera cautelar la orden ministerial sobre la regulaci\u00f3n de las elecciones en las federaciones deportivas. Esta solicitud de suspensi\u00f3n\u00a0se hac\u00eda a instancia\u00a0de la Real Federaci\u00f3n Espa\u00f1ola de F\u00fatbol, que recurri\u00f3 la orden al considerar vulnerados derechos fundamentales en la&nbsp;<a class=\"read-more\" href=\"https:\/\/javierperezvilla.com\/?p=1857\">Leer m\u00e1s<\/a><\/p>\n","protected":false},"author":1,"featured_media":0,"comment_status":"open","ping_status":"open","sticky":false,"template":"","format":"gallery","meta":{"footnotes":""},"categories":[79],"tags":[],"class_list":["post-1857","post","type-post","status-publish","format-gallery","hentry","category-noticias-derecho-deportivo","post_format-post-format-gallery"],"_links":{"self":[{"href":"https:\/\/javierperezvilla.com\/index.php?rest_route=\/wp\/v2\/posts\/1857","targetHints":{"allow":["GET"]}}],"collection":[{"href":"https:\/\/javierperezvilla.com\/index.php?rest_route=\/wp\/v2\/posts"}],"about":[{"href":"https:\/\/javierperezvilla.com\/index.php?rest_route=\/wp\/v2\/types\/post"}],"author":[{"embeddable":true,"href":"https:\/\/javierperezvilla.com\/index.php?rest_route=\/wp\/v2\/users\/1"}],"replies":[{"embeddable":true,"href":"https:\/\/javierperezvilla.com\/index.php?rest_route=%2Fwp%2Fv2%2Fcomments&post=1857"}],"version-history":[{"count":0,"href":"https:\/\/javierperezvilla.com\/index.php?rest_route=\/wp\/v2\/posts\/1857\/revisions"}],"wp:attachment":[{"href":"https:\/\/javierperezvilla.com\/index.php?rest_route=%2Fwp%2Fv2%2Fmedia&parent=1857"}],"wp:term":[{"taxonomy":"category","embeddable":true,"href":"https:\/\/javierperezvilla.com\/index.php?rest_route=%2Fwp%2Fv2%2Fcategories&post=1857"},{"taxonomy":"post_tag","embeddable":true,"href":"https:\/\/javierperezvilla.com\/index.php?rest_route=%2Fwp%2Fv2%2Ftags&post=1857"}],"curies":[{"name":"wp","href":"https:\/\/api.w.org\/{rel}","templated":true}]}}