{"id":1914,"date":"2016-03-30T09:15:16","date_gmt":"2016-03-30T07:15:16","guid":{"rendered":"https:\/\/javierperezvilla.com\/?p=1914"},"modified":"2016-03-30T09:15:16","modified_gmt":"2016-03-30T07:15:16","slug":"fifa-reconoce-la-venta-de-votos-de-varios-miembros","status":"publish","type":"post","link":"https:\/\/javierperezvilla.com\/?p=1914","title":{"rendered":"FIFA reconoce la venta de votos de varios miembros"},"content":{"rendered":"<p style=\"text-align:justify;\">Varios miembros del comit\u00e9 ejecutivo de <strong>FIFA<\/strong> vendieron votos en numerosas ocasiones seg\u00fan reconoc\u00eda la organizaci\u00f3n recientemente.<\/p>\n<p style=\"text-align:justify;\">Estos hechos se dieron entre otros, en la elecci\u00f3n de los pa\u00edses encargados de acoger los Mundiales de F\u00fatbol. Adem\u00e1s, tambi\u00e9n informaron que algunos de sus ex-miembros organizaron el pago de diez millones de d\u00f3lares por la elecci\u00f3n de Sud\u00e1frica como sede del pasado mundial de 2010.<\/p>\n<p style=\"text-align:justify;\">Fuente: <a href=\"http:\/\/www.europapress.es\/deportes\/futbol-00162\/noticia-fifa-reconoce-venta-votos-miembros-escoger-mundiales-20160316141115.html\" target=\"_blank\" rel=\"noopener\">Europa Press<\/a><\/p>\n<p style=\"text-align:justify;\">Javier P\u00e9rez Villa<\/p>\n","protected":false},"excerpt":{"rendered":"<p>Varios miembros del comit\u00e9 ejecutivo de FIFA vendieron votos en numerosas ocasiones seg\u00fan reconoc\u00eda la organizaci\u00f3n recientemente. Estos hechos se dieron entre otros, en la elecci\u00f3n de los pa\u00edses encargados de acoger los Mundiales de F\u00fatbol. Adem\u00e1s, tambi\u00e9n informaron que algunos de sus ex-miembros organizaron&nbsp;<a class=\"read-more\" href=\"https:\/\/javierperezvilla.com\/?p=1914\">Leer m\u00e1s<\/a><\/p>\n","protected":false},"author":1,"featured_media":1922,"comment_status":"open","ping_status":"open","sticky":false,"template":"","format":"image","meta":{"footnotes":""},"categories":[79],"tags":[26,12,7],"class_list":["post-1914","post","type-post","status-publish","format-image","has-post-thumbnail","hentry","category-noticias-derecho-deportivo","tag-fifa","tag-futbol","tag-noticias-2","post_format-post-format-image"],"_links":{"self":[{"href":"https:\/\/javierperezvilla.com\/index.php?rest_route=\/wp\/v2\/posts\/1914","targetHints":{"allow":["GET"]}}],"collection":[{"href":"https:\/\/javierperezvilla.com\/index.php?rest_route=\/wp\/v2\/posts"}],"about":[{"href":"https:\/\/javierperezvilla.com\/index.php?rest_route=\/wp\/v2\/types\/post"}],"author":[{"embeddable":true,"href":"https:\/\/javierperezvilla.com\/index.php?rest_route=\/wp\/v2\/users\/1"}],"replies":[{"embeddable":true,"href":"https:\/\/javierperezvilla.com\/index.php?rest_route=%2Fwp%2Fv2%2Fcomments&post=1914"}],"version-history":[{"count":0,"href":"https:\/\/javierperezvilla.com\/index.php?rest_route=\/wp\/v2\/posts\/1914\/revisions"}],"wp:featuredmedia":[{"embeddable":true,"href":"https:\/\/javierperezvilla.com\/index.php?rest_route=\/wp\/v2\/media\/1922"}],"wp:attachment":[{"href":"https:\/\/javierperezvilla.com\/index.php?rest_route=%2Fwp%2Fv2%2Fmedia&parent=1914"}],"wp:term":[{"taxonomy":"category","embeddable":true,"href":"https:\/\/javierperezvilla.com\/index.php?rest_route=%2Fwp%2Fv2%2Fcategories&post=1914"},{"taxonomy":"post_tag","embeddable":true,"href":"https:\/\/javierperezvilla.com\/index.php?rest_route=%2Fwp%2Fv2%2Ftags&post=1914"}],"curies":[{"name":"wp","href":"https:\/\/api.w.org\/{rel}","templated":true}]}}