{"id":1941,"date":"2016-04-01T12:30:32","date_gmt":"2016-04-01T10:30:32","guid":{"rendered":"https:\/\/javierperezvilla.com\/?p=1941"},"modified":"2016-04-01T12:30:32","modified_gmt":"2016-04-01T10:30:32","slug":"suspendido-de-por-vida-un-jugador-de-futbol-croata-por-amano","status":"publish","type":"post","link":"https:\/\/javierperezvilla.com\/?p=1941","title":{"rendered":"Suspendido de por vida un jugador de f\u00fatbol croata por ama\u00f1o"},"content":{"rendered":"<p style=\"text-align:justify;\"><a href=\"https:\/\/javierperezvilla.com\/wp-content\/uploads\/2016\/03\/this-is-a-macro-snap-of-some-twenty-dollar-bills-1491818-640x480-1.jpg\" rel=\"attachment wp-att-1943\"><img loading=\"lazy\" decoding=\"async\" class=\"alignleft size-full wp-image-1943\" src=\"https:\/\/javierperezvilla.com\/wp-content\/uploads\/2016\/03\/this-is-a-macro-snap-of-some-twenty-dollar-bills-1491818-640x480-1.jpg\" alt=\"\" width=\"640\" height=\"480\" srcset=\"https:\/\/javierperezvilla.com\/wp-content\/uploads\/2016\/03\/this-is-a-macro-snap-of-some-twenty-dollar-bills-1491818-640x480-1.jpg 640w, https:\/\/javierperezvilla.com\/wp-content\/uploads\/2016\/03\/this-is-a-macro-snap-of-some-twenty-dollar-bills-1491818-640x480-1-300x225.jpg 300w\" sizes=\"auto, (max-width: 640px) 100vw, 640px\" \/><\/a>La semana pasada <strong>FIFA<\/strong> hizo p\u00fablico que la sanci\u00f3n impuesta al jugador de f\u00fatbol Sasa Mus, se ampliaba a nivel mundial.<\/p>\n<p style=\"text-align:justify;\">El jugador fue suspendido de por vida en 2015 por parte de la Federaci\u00f3n de Hong Kong, al estar en un caso de <strong>ama\u00f1o de partidos<\/strong> que tuvo lugar en 2013 en el equipo en el que jugaba.<\/p>\n<p style=\"text-align:justify;\">Por su parte <strong>FIFA<\/strong>, en su continua batalla contra la <strong>corrupci\u00f3n<\/strong> dentro del mundo del deporte, ha decidido que la\u00a0sanci\u00f3n de Mus se ampl\u00ede a nivel mundial.<\/p>\n<p style=\"text-align:justify;\">Fuente: <strong><a href=\"http:\/\/www.eluniverso.com\/deportes\/2016\/03\/17\/nota\/5470440\/fifa-suspende-vida-jugador-croata-amanar-partidos\" target=\"_blank\" rel=\"noopener\">El Universo<\/a><\/strong><\/p>\n<p style=\"text-align:justify;\">Javier P\u00e9rez Villa<\/p>\n","protected":false},"excerpt":{"rendered":"<p>La semana pasada FIFA hizo p\u00fablico que la sanci\u00f3n impuesta al jugador de f\u00fatbol Sasa Mus, se ampliaba a nivel mundial. El jugador fue suspendido de por vida en 2015 por parte de la Federaci\u00f3n de Hong Kong, al estar en un caso de ama\u00f1o&nbsp;<a class=\"read-more\" href=\"https:\/\/javierperezvilla.com\/?p=1941\">Leer m\u00e1s<\/a><\/p>\n","protected":false},"author":1,"featured_media":0,"comment_status":"open","ping_status":"open","sticky":false,"template":"","format":"gallery","meta":{"footnotes":""},"categories":[79],"tags":[],"class_list":["post-1941","post","type-post","status-publish","format-gallery","hentry","category-noticias-derecho-deportivo","post_format-post-format-gallery"],"_links":{"self":[{"href":"https:\/\/javierperezvilla.com\/index.php?rest_route=\/wp\/v2\/posts\/1941","targetHints":{"allow":["GET"]}}],"collection":[{"href":"https:\/\/javierperezvilla.com\/index.php?rest_route=\/wp\/v2\/posts"}],"about":[{"href":"https:\/\/javierperezvilla.com\/index.php?rest_route=\/wp\/v2\/types\/post"}],"author":[{"embeddable":true,"href":"https:\/\/javierperezvilla.com\/index.php?rest_route=\/wp\/v2\/users\/1"}],"replies":[{"embeddable":true,"href":"https:\/\/javierperezvilla.com\/index.php?rest_route=%2Fwp%2Fv2%2Fcomments&post=1941"}],"version-history":[{"count":0,"href":"https:\/\/javierperezvilla.com\/index.php?rest_route=\/wp\/v2\/posts\/1941\/revisions"}],"wp:attachment":[{"href":"https:\/\/javierperezvilla.com\/index.php?rest_route=%2Fwp%2Fv2%2Fmedia&parent=1941"}],"wp:term":[{"taxonomy":"category","embeddable":true,"href":"https:\/\/javierperezvilla.com\/index.php?rest_route=%2Fwp%2Fv2%2Fcategories&post=1941"},{"taxonomy":"post_tag","embeddable":true,"href":"https:\/\/javierperezvilla.com\/index.php?rest_route=%2Fwp%2Fv2%2Ftags&post=1941"}],"curies":[{"name":"wp","href":"https:\/\/api.w.org\/{rel}","templated":true}]}}