{"id":1946,"date":"2016-03-31T09:00:04","date_gmt":"2016-03-31T07:00:04","guid":{"rendered":"https:\/\/javierperezvilla.com\/?p=1946"},"modified":"2016-03-31T09:00:04","modified_gmt":"2016-03-31T07:00:04","slug":"la-fiscalia-de-suiza-abre-un-proceso-penal-contra-jerome-valcke","status":"publish","type":"post","link":"https:\/\/javierperezvilla.com\/?p=1946","title":{"rendered":"La Fiscal\u00eda de Suiza abre un proceso penal contra J\u00e9r\u00f4me Valcke"},"content":{"rendered":"<p style=\"text-align:justify;\">El ex-secretario general de la <strong>FIFA<\/strong> J\u00e9r\u00f4me Valcke deber\u00e1 enfrentarse a un proceso penal, tras informar la fiscal\u00eda general de Suiza de la apertura del mismo, al considerar a Valcke sospechoso de actos de mala gesti\u00f3n.<a href=\"http:\/\/www.lawyersportslaw.com\/wp-content\/uploads\/2016\/03\/jc3a9rc3b4me_valcke_in_april_2013_in_rio.jpg\" rel=\"attachment wp-att-1948\"><img loading=\"lazy\" decoding=\"async\" class=\"alignleft size-medium wp-image-1948\" src=\"http:\/\/www.lawyersportslaw.com\/wp-content\/uploads\/2016\/03\/jc3a9rc3b4me_valcke_in_april_2013_in_rio.jpg?w=300\" alt=\"\" width=\"300\" height=\"182\" \/><\/a><\/p>\n<p style=\"text-align:justify;\">La fiscal\u00eda ha\u00a0comenzado una serie de investigaciones e interrogatorios relacionados con este proceso, aunque no se han realizado detenciones por el momento. El proceso penal surge como respuesta a dos denuncias con alegaciones en contra del ex-secretario de <strong>FIFA<\/strong> y que est\u00e1n relacionadas\u00a0con las investigaciones que llevan a cabo el Comit\u00e9 de \u00c9tica de <strong>FIFA <\/strong>y por las que Valcke ha sido suspendido por un per\u00edodo de doce a\u00f1os.<\/p>\n<p style=\"text-align:justify;\">Fuente: <strong>BBC<\/strong><\/p>\n<p>Javier P\u00e9rez Villa<\/p>\n","protected":false},"excerpt":{"rendered":"<p>El ex-secretario general de la FIFA J\u00e9r\u00f4me Valcke deber\u00e1 enfrentarse a un proceso penal, tras informar la fiscal\u00eda general de Suiza de la apertura del mismo, al considerar a Valcke sospechoso de actos de mala gesti\u00f3n. La fiscal\u00eda ha\u00a0comenzado una serie de investigaciones e interrogatorios&nbsp;<a class=\"read-more\" href=\"https:\/\/javierperezvilla.com\/?p=1946\">Leer m\u00e1s<\/a><\/p>\n","protected":false},"author":1,"featured_media":0,"comment_status":"open","ping_status":"open","sticky":false,"template":"","format":"gallery","meta":{"footnotes":""},"categories":[79],"tags":[26,82,7,83],"class_list":["post-1946","post","type-post","status-publish","format-gallery","hentry","category-noticias-derecho-deportivo","tag-fifa","tag-fraude-deportivo-11","tag-noticias-2","tag-noticias-futbol","post_format-post-format-gallery"],"_links":{"self":[{"href":"https:\/\/javierperezvilla.com\/index.php?rest_route=\/wp\/v2\/posts\/1946","targetHints":{"allow":["GET"]}}],"collection":[{"href":"https:\/\/javierperezvilla.com\/index.php?rest_route=\/wp\/v2\/posts"}],"about":[{"href":"https:\/\/javierperezvilla.com\/index.php?rest_route=\/wp\/v2\/types\/post"}],"author":[{"embeddable":true,"href":"https:\/\/javierperezvilla.com\/index.php?rest_route=\/wp\/v2\/users\/1"}],"replies":[{"embeddable":true,"href":"https:\/\/javierperezvilla.com\/index.php?rest_route=%2Fwp%2Fv2%2Fcomments&post=1946"}],"version-history":[{"count":0,"href":"https:\/\/javierperezvilla.com\/index.php?rest_route=\/wp\/v2\/posts\/1946\/revisions"}],"wp:attachment":[{"href":"https:\/\/javierperezvilla.com\/index.php?rest_route=%2Fwp%2Fv2%2Fmedia&parent=1946"}],"wp:term":[{"taxonomy":"category","embeddable":true,"href":"https:\/\/javierperezvilla.com\/index.php?rest_route=%2Fwp%2Fv2%2Fcategories&post=1946"},{"taxonomy":"post_tag","embeddable":true,"href":"https:\/\/javierperezvilla.com\/index.php?rest_route=%2Fwp%2Fv2%2Ftags&post=1946"}],"curies":[{"name":"wp","href":"https:\/\/api.w.org\/{rel}","templated":true}]}}