{"id":1978,"date":"2016-03-28T11:00:02","date_gmt":"2016-03-28T09:00:02","guid":{"rendered":"https:\/\/javierperezvilla.com\/?p=1978"},"modified":"2016-03-28T11:00:02","modified_gmt":"2016-03-28T09:00:02","slug":"nace-una-nueva-web-de-la-mano-de-la-liga","status":"publish","type":"post","link":"https:\/\/javierperezvilla.com\/?p=1978","title":{"rendered":"Nace una nueva web de la mano de La Liga"},"content":{"rendered":"<p style=\"text-align:justify;\"><strong>La Liga<\/strong>\u00a0y el\u00a0<strong>Consejo Superior de Deportes<\/strong> han puesto en marcha una p\u00e1gina web (<a href=\"http:\/\/www.laliga4sports.es\/\" target=\"_blank\" rel=\"noopener\">www.laliga4sports.es<\/a>) con la que quieren destacar el trabajo desempe\u00f1ado por las federaciones deportivas y el Comit\u00e9 Paral\u00edmpico Espa\u00f1ol.<a href=\"https:\/\/javierperezvilla.com\/wp-content\/uploads\/2016\/03\/laliga-v-16-9.jpg\" rel=\"attachment wp-att-1981\"><img loading=\"lazy\" decoding=\"async\" class=\"alignright size-medium wp-image-1981\" src=\"https:\/\/javierperezvilla.com\/wp-content\/uploads\/2016\/03\/laliga-v-16-9.jpg?w=300\" alt=\"laliga-v-16-9\" width=\"300\" height=\"191\" srcset=\"https:\/\/javierperezvilla.com\/wp-content\/uploads\/2016\/03\/laliga-v-16-9.jpg 400w, https:\/\/javierperezvilla.com\/wp-content\/uploads\/2016\/03\/laliga-v-16-9-300x191.jpg 300w\" sizes=\"auto, (max-width: 300px) 100vw, 300px\" \/><\/a><\/p>\n<p style=\"text-align:justify;\">La web recoger\u00e1 toda la informaci\u00f3n referente a distintas disciplinas deportivas,\u00a0con el fin de dar mayor difusi\u00f3n a deportes que no tienen la misma repercusi\u00f3n que puede tener el f\u00fatbol. Adem\u00e1s de la plataforma web, <strong>LaLiga4Sports<\/strong> tambi\u00e9n va a tener presencia en las diferentes redes sociales, como Twitter, Instagram y Facebook.<\/p>\n<p style=\"text-align:justify;\">Fuente: <strong>Iusport<\/strong><\/p>\n<p style=\"text-align:justify;\">Javier P\u00e9rez Villa<\/p>\n","protected":false},"excerpt":{"rendered":"<p>La Liga\u00a0y el\u00a0Consejo Superior de Deportes han puesto en marcha una p\u00e1gina web (www.laliga4sports.es) con la que quieren destacar el trabajo desempe\u00f1ado por las federaciones deportivas y el Comit\u00e9 Paral\u00edmpico Espa\u00f1ol. La web recoger\u00e1 toda la informaci\u00f3n referente a distintas disciplinas deportivas,\u00a0con el fin de&nbsp;<a class=\"read-more\" href=\"https:\/\/javierperezvilla.com\/?p=1978\">Leer m\u00e1s<\/a><\/p>\n","protected":false},"author":1,"featured_media":0,"comment_status":"open","ping_status":"open","sticky":false,"template":"","format":"gallery","meta":{"footnotes":""},"categories":[79],"tags":[7],"class_list":["post-1978","post","type-post","status-publish","format-gallery","hentry","category-noticias-derecho-deportivo","tag-noticias-2","post_format-post-format-gallery"],"_links":{"self":[{"href":"https:\/\/javierperezvilla.com\/index.php?rest_route=\/wp\/v2\/posts\/1978","targetHints":{"allow":["GET"]}}],"collection":[{"href":"https:\/\/javierperezvilla.com\/index.php?rest_route=\/wp\/v2\/posts"}],"about":[{"href":"https:\/\/javierperezvilla.com\/index.php?rest_route=\/wp\/v2\/types\/post"}],"author":[{"embeddable":true,"href":"https:\/\/javierperezvilla.com\/index.php?rest_route=\/wp\/v2\/users\/1"}],"replies":[{"embeddable":true,"href":"https:\/\/javierperezvilla.com\/index.php?rest_route=%2Fwp%2Fv2%2Fcomments&post=1978"}],"version-history":[{"count":0,"href":"https:\/\/javierperezvilla.com\/index.php?rest_route=\/wp\/v2\/posts\/1978\/revisions"}],"wp:attachment":[{"href":"https:\/\/javierperezvilla.com\/index.php?rest_route=%2Fwp%2Fv2%2Fmedia&parent=1978"}],"wp:term":[{"taxonomy":"category","embeddable":true,"href":"https:\/\/javierperezvilla.com\/index.php?rest_route=%2Fwp%2Fv2%2Fcategories&post=1978"},{"taxonomy":"post_tag","embeddable":true,"href":"https:\/\/javierperezvilla.com\/index.php?rest_route=%2Fwp%2Fv2%2Ftags&post=1978"}],"curies":[{"name":"wp","href":"https:\/\/api.w.org\/{rel}","templated":true}]}}