{"id":1992,"date":"2016-03-29T09:15:40","date_gmt":"2016-03-29T07:15:40","guid":{"rendered":"https:\/\/javierperezvilla.com\/?p=1992"},"modified":"2016-03-29T09:15:40","modified_gmt":"2016-03-29T07:15:40","slug":"fifa-y-uefa-amenazan-a-grecia-con-quedar-fuera-de-competiciones-internacionales","status":"publish","type":"post","link":"https:\/\/javierperezvilla.com\/?p=1992","title":{"rendered":"FIFA y UEFA amenazan a Grecia con quedar fuera de competiciones internacionales"},"content":{"rendered":"<p style=\"text-align:justify;\">Tras los altercados que tuvieron lugar a comienzos de marzo durante la celebraci\u00f3n de la copa de Grecia de f\u00fatbol, y que llevaron al gobierno heleno a la suspensi\u00f3n de la misma, <strong>FIFA<\/strong> y <strong>UEFA<\/strong> han instado al pa\u00eds al fin de dicha suspensi\u00f3n bajo advertencia de quedar excluidos de toda competici\u00f3n internacional si no lo hacen.<\/p>\n<p style=\"text-align:justify;\"><a href=\"https:\/\/javierperezvilla.com\/wp-content\/uploads\/2016\/03\/plastic_chairs_on_the_stadion_broken_by_soccer_hooligans-_bryansk_russia_2008.jpg\" rel=\"attachment wp-att-1993\"><img loading=\"lazy\" decoding=\"async\" class=\"alignleft size-full wp-image-1993\" src=\"https:\/\/javierperezvilla.com\/wp-content\/uploads\/2016\/03\/plastic_chairs_on_the_stadion_broken_by_soccer_hooligans-_bryansk_russia_2008.jpg\" alt=\"\" width=\"940\" height=\"705\" \/><\/a>A consecuencia de\u00a0los altercados violentos que han tenido lugar\u00a0en el f\u00fatbol griego, el gobierno planea aprobar una serie de l<strong>eyes para regular la violencia en el deporte<\/strong>. Pero en caso de aprobar una nueva ley, \u00e9sta interferir\u00eda con la normativa de gobierno tanto de FIFA como de UEFA. Por este motivo, las dos instituciones alertaron al gobierno griego que en caso de aprobar dicha ley,\u00a0podr\u00edan\u00a0imponer sanciones que conllevar\u00edan la suspensi\u00f3n de la Federaci\u00f3n Griega de F\u00fatbol.<\/p>\n<p style=\"text-align:justify;\">Fuente: <strong>Inside World Football<\/strong><\/p>\n<p style=\"text-align:justify;\">Javier P\u00e9rez Villa<\/p>\n","protected":false},"excerpt":{"rendered":"<p>Tras los altercados que tuvieron lugar a comienzos de marzo durante la celebraci\u00f3n de la copa de Grecia de f\u00fatbol, y que llevaron al gobierno heleno a la suspensi\u00f3n de la misma, FIFA y UEFA han instado al pa\u00eds al fin de dicha suspensi\u00f3n bajo&nbsp;<a class=\"read-more\" href=\"https:\/\/javierperezvilla.com\/?p=1992\">Leer m\u00e1s<\/a><\/p>\n","protected":false},"author":1,"featured_media":0,"comment_status":"open","ping_status":"open","sticky":false,"template":"","format":"gallery","meta":{"footnotes":""},"categories":[79],"tags":[26,12,98,7,83,45],"class_list":["post-1992","post","type-post","status-publish","format-gallery","hentry","category-noticias-derecho-deportivo","tag-fifa","tag-futbol","tag-news-2","tag-noticias-2","tag-noticias-futbol","tag-uefa","post_format-post-format-gallery"],"_links":{"self":[{"href":"https:\/\/javierperezvilla.com\/index.php?rest_route=\/wp\/v2\/posts\/1992","targetHints":{"allow":["GET"]}}],"collection":[{"href":"https:\/\/javierperezvilla.com\/index.php?rest_route=\/wp\/v2\/posts"}],"about":[{"href":"https:\/\/javierperezvilla.com\/index.php?rest_route=\/wp\/v2\/types\/post"}],"author":[{"embeddable":true,"href":"https:\/\/javierperezvilla.com\/index.php?rest_route=\/wp\/v2\/users\/1"}],"replies":[{"embeddable":true,"href":"https:\/\/javierperezvilla.com\/index.php?rest_route=%2Fwp%2Fv2%2Fcomments&post=1992"}],"version-history":[{"count":0,"href":"https:\/\/javierperezvilla.com\/index.php?rest_route=\/wp\/v2\/posts\/1992\/revisions"}],"wp:attachment":[{"href":"https:\/\/javierperezvilla.com\/index.php?rest_route=%2Fwp%2Fv2%2Fmedia&parent=1992"}],"wp:term":[{"taxonomy":"category","embeddable":true,"href":"https:\/\/javierperezvilla.com\/index.php?rest_route=%2Fwp%2Fv2%2Fcategories&post=1992"},{"taxonomy":"post_tag","embeddable":true,"href":"https:\/\/javierperezvilla.com\/index.php?rest_route=%2Fwp%2Fv2%2Ftags&post=1992"}],"curies":[{"name":"wp","href":"https:\/\/api.w.org\/{rel}","templated":true}]}}