{"id":2051,"date":"2016-03-30T10:30:43","date_gmt":"2016-03-30T08:30:43","guid":{"rendered":"https:\/\/javierperezvilla.com\/?p=2051"},"modified":"2016-03-30T10:30:43","modified_gmt":"2016-03-30T08:30:43","slug":"jornada-proteccion-de-menores-en-el-deporte-06042016","status":"publish","type":"post","link":"https:\/\/javierperezvilla.com\/?p=2051","title":{"rendered":"Jornada Protecci\u00f3n de Menores en el Deporte 06\/04\/2016"},"content":{"rendered":"<p style=\"text-align:justify;\">El pr\u00f3ximo mi\u00e9rcoles 6 de abril, la Universidad Pompeu Fabra de Barcelona celebra la jornada sobre <strong>Protecci\u00f3n de Menores en el Deporte, <\/strong>que reunir\u00e1 a diferentes expertos en<strong> derecho deportivo<\/strong>.<a href=\"https:\/\/javierperezvilla.com\/wp-content\/uploads\/2016\/03\/soccer-game-goal-kick-1435499-638x390-1.jpg\" rel=\"attachment wp-att-2052\"><img loading=\"lazy\" decoding=\"async\" class=\"aligncenter size-full wp-image-2052\" src=\"https:\/\/javierperezvilla.com\/wp-content\/uploads\/2016\/03\/soccer-game-goal-kick-1435499-638x390-1.jpg\" alt=\"soccer-game-goal-kick-1435499-638x390\" width=\"638\" height=\"391\" srcset=\"https:\/\/javierperezvilla.com\/wp-content\/uploads\/2016\/03\/soccer-game-goal-kick-1435499-638x390-1.jpg 638w, https:\/\/javierperezvilla.com\/wp-content\/uploads\/2016\/03\/soccer-game-goal-kick-1435499-638x390-1-300x184.jpg 300w\" sizes=\"auto, (max-width: 638px) 100vw, 638px\" \/><\/a><\/p>\n<p style=\"text-align:justify;\">El acceso es libre hasta completar aforo, y todas aquellas personas interesadas en asistir pueden encontrar toda la informaci\u00f3n en el siguiente enlace: <a href=\"https:\/\/www.upf.edu\/dret\/_pdf\/PROGRAMA_Menores_deporte_6abril.pdf\" target=\"_blank\" rel=\"noopener\">Jornada Protecci\u00f3n de Menores en el Deporte UPF<\/a>.<\/p>\n<p style=\"text-align:justify;\">Javier P\u00e9rez Villa<\/p>\n","protected":false},"excerpt":{"rendered":"<p>El pr\u00f3ximo mi\u00e9rcoles 6 de abril, la Universidad Pompeu Fabra de Barcelona celebra la jornada sobre Protecci\u00f3n de Menores en el Deporte, que reunir\u00e1 a diferentes expertos en derecho deportivo. El acceso es libre hasta completar aforo, y todas aquellas personas interesadas en asistir pueden&nbsp;<a class=\"read-more\" href=\"https:\/\/javierperezvilla.com\/?p=2051\">Leer m\u00e1s<\/a><\/p>\n","protected":false},"author":1,"featured_media":0,"comment_status":"open","ping_status":"open","sticky":false,"template":"","format":"gallery","meta":{"footnotes":""},"categories":[79],"tags":[3,7],"class_list":["post-2051","post","type-post","status-publish","format-gallery","hentry","category-noticias-derecho-deportivo","tag-derecho-deportivo-2","tag-noticias-2","post_format-post-format-gallery"],"_links":{"self":[{"href":"https:\/\/javierperezvilla.com\/index.php?rest_route=\/wp\/v2\/posts\/2051","targetHints":{"allow":["GET"]}}],"collection":[{"href":"https:\/\/javierperezvilla.com\/index.php?rest_route=\/wp\/v2\/posts"}],"about":[{"href":"https:\/\/javierperezvilla.com\/index.php?rest_route=\/wp\/v2\/types\/post"}],"author":[{"embeddable":true,"href":"https:\/\/javierperezvilla.com\/index.php?rest_route=\/wp\/v2\/users\/1"}],"replies":[{"embeddable":true,"href":"https:\/\/javierperezvilla.com\/index.php?rest_route=%2Fwp%2Fv2%2Fcomments&post=2051"}],"version-history":[{"count":0,"href":"https:\/\/javierperezvilla.com\/index.php?rest_route=\/wp\/v2\/posts\/2051\/revisions"}],"wp:attachment":[{"href":"https:\/\/javierperezvilla.com\/index.php?rest_route=%2Fwp%2Fv2%2Fmedia&parent=2051"}],"wp:term":[{"taxonomy":"category","embeddable":true,"href":"https:\/\/javierperezvilla.com\/index.php?rest_route=%2Fwp%2Fv2%2Fcategories&post=2051"},{"taxonomy":"post_tag","embeddable":true,"href":"https:\/\/javierperezvilla.com\/index.php?rest_route=%2Fwp%2Fv2%2Ftags&post=2051"}],"curies":[{"name":"wp","href":"https:\/\/api.w.org\/{rel}","templated":true}]}}