{"id":2090,"date":"2016-04-05T09:15:49","date_gmt":"2016-04-05T07:15:49","guid":{"rendered":"https:\/\/javierperezvilla.com\/?p=2090"},"modified":"2016-04-05T09:15:49","modified_gmt":"2016-04-05T07:15:49","slug":"la-cara-menos-amable-del-futbol","status":"publish","type":"post","link":"https:\/\/javierperezvilla.com\/?p=2090","title":{"rendered":"La cara menos amable del f\u00fatbol"},"content":{"rendered":"<p style=\"text-align:justify;\">Amnist\u00eda Internacional ha denunciado las deplorables condiciones laborales de los operarios extranjeros que trabajan en la construcci\u00f3n de los estadios para la celebraci\u00f3n del pr\u00f3ximo mundial de <strong>Qatar en 2022<\/strong>.<\/p>\n<p style=\"text-align:justify;\">En el informe se denuncian abusos contra los <strong>derechos<\/strong> de estos <strong>trabajadores<\/strong>, que son forzados a vivir en peque\u00f1os habit\u00e1culos y en algunos casos les es retirado el pasaporte \u00a0y retenidos sus salarios. Tambi\u00e9n critica la postura de <strong>FIFA<\/strong>, y su falta de compromiso para presionar a las autoridades a fin de salvaguardar los <strong>derechos fundamentales<\/strong> de estos trabajadores.<a href=\"https:\/\/javierperezvilla.com\/wp-content\/uploads\/2016\/04\/doha-qatar.jpg\" rel=\"attachment wp-att-2097\"><img loading=\"lazy\" decoding=\"async\" class=\"aligncenter wp-image-2097 size-large\" src=\"https:\/\/javierperezvilla.com\/wp-content\/uploads\/2016\/04\/doha-qatar.jpg?w=940\" alt=\"doha-qatar\" width=\"940\" height=\"626\" srcset=\"https:\/\/javierperezvilla.com\/wp-content\/uploads\/2016\/04\/doha-qatar.jpg 1801w, https:\/\/javierperezvilla.com\/wp-content\/uploads\/2016\/04\/doha-qatar-300x200.jpg 300w, https:\/\/javierperezvilla.com\/wp-content\/uploads\/2016\/04\/doha-qatar-1024x682.jpg 1024w, https:\/\/javierperezvilla.com\/wp-content\/uploads\/2016\/04\/doha-qatar-768x512.jpg 768w, https:\/\/javierperezvilla.com\/wp-content\/uploads\/2016\/04\/doha-qatar-1536x1023.jpg 1536w\" sizes=\"auto, (max-width: 940px) 100vw, 940px\" \/><\/a><\/p>\n<p style=\"text-align:justify;\">Pese a que las leyes de Qatar contemplan\u00a0la prohibici\u00f3n de retener pasaportes, o retrasar el pago de salarios, Amnist\u00eda Internacional comprob\u00f3 que estas pr\u00e1cticas se llevan a cabo durante las visitas que realizaron en febrero de 2015, a ra\u00edz de las cuales se confeccion\u00f3 el informe.<\/p>\n<p style=\"text-align:justify;\">Tanto <strong>FIFA<\/strong> como las autoridades Qatar\u00edes han recibido cr\u00edticas durante los \u00faltimos cinco a\u00f1os, pero parece ser que no se han tomado cartas en el asunto para solucionar la situaci\u00f3n, muy diferente a la situaci\u00f3n de quienes, una vez finalizadas las obras de construcci\u00f3n, disfrutar\u00e1n de todas esas instalaciones.<\/p>\n<p style=\"text-align:justify;\">\n<p style=\"text-align:justify;\">Como resultado de este informe, alguna de las empresas que trabajan en la construcci\u00f3n de las instalaciones ha finalizado los contratos con alguna de las empresas sub-contratadas que empleaban a estos trabajadores en las condiciones anteriormente citadas.<\/p>\n<p style=\"text-align:justify;\">Por su parte, la ONU ha\u00a0dado un plazo de doce meses al pa\u00eds para poner fin a la situaci\u00f3n de esclavitud laboral de los trabajadores extranjeros, o podr\u00eda enfrentarse a una investigaci\u00f3n por parte de la Organizaci\u00f3n Mundial del Trabajo.<\/p>\n<p style=\"text-align:justify;\">Fuente: <strong>The Guardian<\/strong><\/p>\n<p>Javier P\u00e9rez Villa<\/p>\n","protected":false},"excerpt":{"rendered":"<p>Amnist\u00eda Internacional ha denunciado las deplorables condiciones laborales de los operarios extranjeros que trabajan en la construcci\u00f3n de los estadios para la celebraci\u00f3n del pr\u00f3ximo mundial de Qatar en 2022. En el informe se denuncian abusos contra los derechos de estos trabajadores, que son forzados&nbsp;<a class=\"read-more\" href=\"https:\/\/javierperezvilla.com\/?p=2090\">Leer m\u00e1s<\/a><\/p>\n","protected":false},"author":1,"featured_media":2100,"comment_status":"open","ping_status":"open","sticky":false,"template":"","format":"gallery","meta":{"footnotes":""},"categories":[79],"tags":[26,12],"class_list":["post-2090","post","type-post","status-publish","format-gallery","has-post-thumbnail","hentry","category-noticias-derecho-deportivo","tag-fifa","tag-futbol","post_format-post-format-gallery"],"_links":{"self":[{"href":"https:\/\/javierperezvilla.com\/index.php?rest_route=\/wp\/v2\/posts\/2090","targetHints":{"allow":["GET"]}}],"collection":[{"href":"https:\/\/javierperezvilla.com\/index.php?rest_route=\/wp\/v2\/posts"}],"about":[{"href":"https:\/\/javierperezvilla.com\/index.php?rest_route=\/wp\/v2\/types\/post"}],"author":[{"embeddable":true,"href":"https:\/\/javierperezvilla.com\/index.php?rest_route=\/wp\/v2\/users\/1"}],"replies":[{"embeddable":true,"href":"https:\/\/javierperezvilla.com\/index.php?rest_route=%2Fwp%2Fv2%2Fcomments&post=2090"}],"version-history":[{"count":0,"href":"https:\/\/javierperezvilla.com\/index.php?rest_route=\/wp\/v2\/posts\/2090\/revisions"}],"wp:featuredmedia":[{"embeddable":true,"href":"https:\/\/javierperezvilla.com\/index.php?rest_route=\/"}],"wp:attachment":[{"href":"https:\/\/javierperezvilla.com\/index.php?rest_route=%2Fwp%2Fv2%2Fmedia&parent=2090"}],"wp:term":[{"taxonomy":"category","embeddable":true,"href":"https:\/\/javierperezvilla.com\/index.php?rest_route=%2Fwp%2Fv2%2Fcategories&post=2090"},{"taxonomy":"post_tag","embeddable":true,"href":"https:\/\/javierperezvilla.com\/index.php?rest_route=%2Fwp%2Fv2%2Ftags&post=2090"}],"curies":[{"name":"wp","href":"https:\/\/api.w.org\/{rel}","templated":true}]}}