{"id":210,"date":"2013-12-17T07:55:25","date_gmt":"2013-12-17T07:55:25","guid":{"rendered":"http:\/\/lossitiosabogados.com\/blog\/?p=210"},"modified":"2013-12-17T07:55:25","modified_gmt":"2013-12-17T07:55:25","slug":"platini-tras-las-comisiones-de-los-agentes-de-futbolistas","status":"publish","type":"post","link":"https:\/\/javierperezvilla.com\/?p=210","title":{"rendered":"PLATINI TRAS LAS COMISIONES DE LOS AGENTES DE FUTBOLISTAS."},"content":{"rendered":"<p style=\"text-align:justify;\">Seg\u00fan fuentes de iusport, en la agenda del presidente de la UEFA, Michel Platini, entre otras cuestiones, tambi\u00e9n figura la de limitar las <strong>comisiones<\/strong> de los <strong>agentes de futbolistas<\/strong>. As\u00ed el m\u00e1ximo mandatario del f\u00fatbol europeo, habla de limitarlas a un tercio de su importe actual.<\/p>\n<figure id=\"attachment_212\" aria-describedby=\"caption-attachment-212\" style=\"width: 460px\" class=\"wp-caption aligncenter\"><a href=\"http:\/\/lossitiosabogados.com\/blog\/wp-content\/uploads\/2013\/12\/Michel-Platini-comisiones-agentes-de-futbolistas.jpg\"><img loading=\"lazy\" decoding=\"async\" class=\"size-full wp-image-212\" src=\"http:\/\/lossitiosabogados.com\/blog\/wp-content\/uploads\/2013\/12\/Michel-Platini-comisiones-agentes-de-futbolistas.jpg\" alt=\"Michel Platini.\" width=\"460\" height=\"287\" \/><\/a><figcaption id=\"caption-attachment-212\" class=\"wp-caption-text\">Michel Platini.<\/figcaption><\/figure>\n<p>&nbsp;<\/p>\n<p><strong>Javier P\u00e9rez Villa<\/strong><\/p>\n<p><a title=\"iusport\" href=\"http:\/\/iusport.com\/not\/1308\/platini_se_propone_reducir_a_un_tercio_el_porcentaje_de_los_agentes\/\" target=\"_blank\" rel=\"noopener\">Accede a la noticia completa.<\/a><\/p>\n","protected":false},"excerpt":{"rendered":"<p>Seg\u00fan fuentes de iusport, en la agenda del presidente de la UEFA, Michel Platini, entre otras cuestiones, tambi\u00e9n figura la de limitar las comisiones de los agentes de futbolistas. As\u00ed el m\u00e1ximo mandatario del f\u00fatbol europeo, habla de limitarlas a un tercio de su importe&nbsp;<a class=\"read-more\" href=\"https:\/\/javierperezvilla.com\/?p=210\">Leer m\u00e1s<\/a><\/p>\n","protected":false},"author":1,"featured_media":0,"comment_status":"open","ping_status":"open","sticky":false,"template":"","format":"standard","meta":{"footnotes":""},"categories":[79],"tags":[10,3,7],"class_list":["post-210","post","type-post","status-publish","format-standard","hentry","category-noticias-derecho-deportivo","tag-agentes-de-jugadores","tag-derecho-deportivo-2","tag-noticias-2"],"_links":{"self":[{"href":"https:\/\/javierperezvilla.com\/index.php?rest_route=\/wp\/v2\/posts\/210","targetHints":{"allow":["GET"]}}],"collection":[{"href":"https:\/\/javierperezvilla.com\/index.php?rest_route=\/wp\/v2\/posts"}],"about":[{"href":"https:\/\/javierperezvilla.com\/index.php?rest_route=\/wp\/v2\/types\/post"}],"author":[{"embeddable":true,"href":"https:\/\/javierperezvilla.com\/index.php?rest_route=\/wp\/v2\/users\/1"}],"replies":[{"embeddable":true,"href":"https:\/\/javierperezvilla.com\/index.php?rest_route=%2Fwp%2Fv2%2Fcomments&post=210"}],"version-history":[{"count":0,"href":"https:\/\/javierperezvilla.com\/index.php?rest_route=\/wp\/v2\/posts\/210\/revisions"}],"wp:attachment":[{"href":"https:\/\/javierperezvilla.com\/index.php?rest_route=%2Fwp%2Fv2%2Fmedia&parent=210"}],"wp:term":[{"taxonomy":"category","embeddable":true,"href":"https:\/\/javierperezvilla.com\/index.php?rest_route=%2Fwp%2Fv2%2Fcategories&post=210"},{"taxonomy":"post_tag","embeddable":true,"href":"https:\/\/javierperezvilla.com\/index.php?rest_route=%2Fwp%2Fv2%2Ftags&post=210"}],"curies":[{"name":"wp","href":"https:\/\/api.w.org\/{rel}","templated":true}]}}