{"id":218,"date":"2013-12-23T11:32:42","date_gmt":"2013-12-23T11:32:42","guid":{"rendered":"http:\/\/lossitiosabogados.com\/blog\/?p=218"},"modified":"2013-12-23T11:32:42","modified_gmt":"2013-12-23T11:32:42","slug":"dictado-el-informe-definitivo-en-el-concurso-de-acreedores-del-real-valladolid","status":"publish","type":"post","link":"https:\/\/javierperezvilla.com\/?p=218","title":{"rendered":"DICTADO EL INFORME DEFINITIVO EN EL CONCURSO DE ACREEDORES DEL REAL VALLADOLID"},"content":{"rendered":"<p style=\"text-align:justify;\">Seg\u00fan nos indica el diario El Norte de Castilla, se ha dictado el informe definitivo por la Administraci\u00f3n Concursal, en el <b>concurso de acreedores del Real Valladolid.<\/b><\/p>\n<p style=\"text-align:justify;\">En el mismo figuran unos 400 <b>acreedores<\/b>, y unos 40 deudores. Entre \u00e9stos \u00faltimos, cabe resaltar tanto los 8.860.000 euros que se espera percibir en concepto de \u00abderechos urban\u00edsticos\u00bb por el proyecto de un Centro Comercial, y Polideportivo denominado \u00abValladolid Arena\u00bb. Significativa tambi\u00e9n es la cuant\u00eda que adeuda al Club, la Fundaci\u00f3n Real Valladolid, unos 4.111.939,27 de euros, por la venta por parte del Real Valladolid Club de F\u00fatbol, a \u00e9sta, por 10.000.000 de euros, de la Residencia de J\u00f3venes Jugadores con un pago aplazado de hasta 30 a\u00f1os.<\/p>\n<p>&nbsp;<\/p>\n<figure id=\"attachment_219\" aria-describedby=\"caption-attachment-219\" style=\"width: 448px\" class=\"wp-caption aligncenter\"><a href=\"http:\/\/lossitiosabogados.com\/blog\/wp-content\/uploads\/2013\/12\/Real-Valladolid-taringa.net_.jpg\"><img loading=\"lazy\" decoding=\"async\" class=\"size-full wp-image-219\" src=\"http:\/\/lossitiosabogados.com\/blog\/wp-content\/uploads\/2013\/12\/Real-Valladolid-taringa.net_.jpg\" alt=\"www.taringa.net\" width=\"448\" height=\"264\" \/><\/a><figcaption id=\"caption-attachment-219\" class=\"wp-caption-text\">www.taringa.net<\/figcaption><\/figure>\n<p>&nbsp;<\/p>\n<p style=\"text-align:justify;\">No hay que olvidar tampoco, el cr\u00e9dito contra la mercantil Mediaproducci\u00f3n SL (Mediapro), que posee los derechos televisivos del club, y adeuda a \u00e9ste 1.457.876,29 euros. Igualmente, y entre sus deudores, figuran varios clubes espa\u00f1oles, por diversas cantidades, derivadas de traspasos.<\/p>\n<p style=\"text-align:justify;\">El activo del club importa la cuant\u00eda de 56.474.483,37 euros, siendo el paso 72.647.183,85 de euros, por lo que el Club vallisoletano, presenta un d\u00e9ficit patrimonial de 16.172.700,48 euros.<\/p>\n<p>&nbsp;<\/p>\n<p><b>Javier P\u00e9rez Villa<\/b>.<\/p>\n<p>&nbsp;<\/p>\n","protected":false},"excerpt":{"rendered":"<p>Seg\u00fan nos indica el diario El Norte de Castilla, se ha dictado el informe definitivo por la Administraci\u00f3n Concursal, en el concurso de acreedores del Real Valladolid. En el mismo figuran unos 400 acreedores, y unos 40 deudores. Entre \u00e9stos \u00faltimos, cabe resaltar tanto los&nbsp;<a class=\"read-more\" href=\"https:\/\/javierperezvilla.com\/?p=218\">Leer m\u00e1s<\/a><\/p>\n","protected":false},"author":1,"featured_media":0,"comment_status":"open","ping_status":"open","sticky":false,"template":"","format":"standard","meta":{"footnotes":""},"categories":[79],"tags":[8,3,7],"class_list":["post-218","post","type-post","status-publish","format-standard","hentry","category-noticias-derecho-deportivo","tag-concurso-de-acreedores","tag-derecho-deportivo-2","tag-noticias-2"],"_links":{"self":[{"href":"https:\/\/javierperezvilla.com\/index.php?rest_route=\/wp\/v2\/posts\/218","targetHints":{"allow":["GET"]}}],"collection":[{"href":"https:\/\/javierperezvilla.com\/index.php?rest_route=\/wp\/v2\/posts"}],"about":[{"href":"https:\/\/javierperezvilla.com\/index.php?rest_route=\/wp\/v2\/types\/post"}],"author":[{"embeddable":true,"href":"https:\/\/javierperezvilla.com\/index.php?rest_route=\/wp\/v2\/users\/1"}],"replies":[{"embeddable":true,"href":"https:\/\/javierperezvilla.com\/index.php?rest_route=%2Fwp%2Fv2%2Fcomments&post=218"}],"version-history":[{"count":0,"href":"https:\/\/javierperezvilla.com\/index.php?rest_route=\/wp\/v2\/posts\/218\/revisions"}],"wp:attachment":[{"href":"https:\/\/javierperezvilla.com\/index.php?rest_route=%2Fwp%2Fv2%2Fmedia&parent=218"}],"wp:term":[{"taxonomy":"category","embeddable":true,"href":"https:\/\/javierperezvilla.com\/index.php?rest_route=%2Fwp%2Fv2%2Fcategories&post=218"},{"taxonomy":"post_tag","embeddable":true,"href":"https:\/\/javierperezvilla.com\/index.php?rest_route=%2Fwp%2Fv2%2Ftags&post=218"}],"curies":[{"name":"wp","href":"https:\/\/api.w.org\/{rel}","templated":true}]}}