{"id":2217,"date":"2016-04-08T16:00:01","date_gmt":"2016-04-08T14:00:01","guid":{"rendered":"https:\/\/javierperezvilla.com\/?p=2217"},"modified":"2016-04-08T16:00:01","modified_gmt":"2016-04-08T14:00:01","slug":"premiere-league-jugador-despedido-por-no-pagar-a-su-agente","status":"publish","type":"post","link":"https:\/\/javierperezvilla.com\/?p=2217","title":{"rendered":"Premiere League: Jugador despedido por no pagar a su agente."},"content":{"rendered":"<p>El lateral derecho del club de f\u00fatbol ingl\u00e9s Sunderland, Emmanuel Ebou\u00e9, ha sido despedido por el Club, como consecuencia de recaer sobre \u00e9l un sanci\u00f3n de \u00a0FIFA de 12 meses para jugar partidos oficiales.<\/p>\n<p>La sanci\u00f3n, es consecuencia del impago por parte del futbolista de los servicios prestados por su anterior agente, S\u00e9bastien Boisseau. El Club ingl\u00e9s, que desconoc\u00eda hasta la semana pasada, la existencia de litigio alguno, entre el jugador y su anterior agente, se ha visto en la necesidad de proceder al despido del jugador, prohibi\u00e9ndole la entrada tanto en el estadio, como en las instalaciones del club.<\/p>\n<p>El futbolista, de 32 a\u00f1os, puede poner en serio peligro su carrera profesional. El m\u00e1nager del Sunderland. Mr. Sam Alardyce, manifest\u00f3 que de haber conocido la existencia del litigio entre el jugador y su agente, no habr\u00eda procedido a la contrataci\u00f3n del mismo. <em>\u201cNos ha hecho perder tiempo y dinero\u201d<\/em>. Alardyce, manifest\u00f3 tambi\u00e9n que en su opini\u00f3n, el jugador no ha estado bien asesorado en \u00e9ste asunto.<\/p>\n<p><a href=\"https:\/\/javierperezvilla.com\/wp-content\/uploads\/2016\/04\/emmanuel-ebouc3a9.jpg\" rel=\"attachment wp-att-2218\"><img loading=\"lazy\" decoding=\"async\" class=\"aligncenter size-full wp-image-2218\" src=\"https:\/\/javierperezvilla.com\/wp-content\/uploads\/2016\/04\/emmanuel-ebouc3a9.jpg\" alt=\"Emmanuel Ebou\u00e9\" width=\"284\" height=\"178\" \/><\/a><\/p>\n<p>El jugador fue condenado a pagar a su agente una cuant\u00eda que ronda 1 mill\u00f3n de euros, por la C\u00e1mara de Resoluci\u00f3n de Disputas de FIFA en 2.104. Tras apelar al TAS, dicha decisi\u00f3n, fue confirmada por el Tribunal Arbitral suizo. Al no cumplir la citada resoluci\u00f3n, FIFA procedi\u00f3 a sancionar al jugador con la suspensi\u00f3n deportiva por 12 meses.<\/p>\n<p>Desde el club ingl\u00e9s se alzan voces pidiendo que este tipo de litigios, consten de alguna manera en el TMS, (sistema a trav\u00e9s del cual se realizan las transferencias\u00a0 de futbolistas).<\/p>\n<p>Pese a todo lo anterior, la normativa laboral inglesa, otorga al empleado una posibilidad para combatir la resoluci\u00f3n contractual instada por el Club, posibilidad que pasa por que pague o llegue a un acuerdo de pago con el citado intermediario, que podr\u00eda evitar los terribles efectos que el despido podr\u00eda causar al jugador.<\/p>\n<p><strong>Javier P\u00e9rez Villa.<\/strong><\/p>\n","protected":false},"excerpt":{"rendered":"<p>El lateral derecho del club de f\u00fatbol ingl\u00e9s Sunderland, Emmanuel Ebou\u00e9, ha sido despedido por el Club, como consecuencia de recaer sobre \u00e9l un sanci\u00f3n de \u00a0FIFA de 12 meses para jugar partidos oficiales. La sanci\u00f3n, es consecuencia del impago por parte del futbolista de&nbsp;<a class=\"read-more\" href=\"https:\/\/javierperezvilla.com\/?p=2217\">Leer m\u00e1s<\/a><\/p>\n","protected":false},"author":1,"featured_media":2218,"comment_status":"open","ping_status":"open","sticky":false,"template":"","format":"image","meta":{"footnotes":""},"categories":[79],"tags":[],"class_list":["post-2217","post","type-post","status-publish","format-image","has-post-thumbnail","hentry","category-noticias-derecho-deportivo","post_format-post-format-image"],"_links":{"self":[{"href":"https:\/\/javierperezvilla.com\/index.php?rest_route=\/wp\/v2\/posts\/2217","targetHints":{"allow":["GET"]}}],"collection":[{"href":"https:\/\/javierperezvilla.com\/index.php?rest_route=\/wp\/v2\/posts"}],"about":[{"href":"https:\/\/javierperezvilla.com\/index.php?rest_route=\/wp\/v2\/types\/post"}],"author":[{"embeddable":true,"href":"https:\/\/javierperezvilla.com\/index.php?rest_route=\/wp\/v2\/users\/1"}],"replies":[{"embeddable":true,"href":"https:\/\/javierperezvilla.com\/index.php?rest_route=%2Fwp%2Fv2%2Fcomments&post=2217"}],"version-history":[{"count":0,"href":"https:\/\/javierperezvilla.com\/index.php?rest_route=\/wp\/v2\/posts\/2217\/revisions"}],"wp:featuredmedia":[{"embeddable":true,"href":"https:\/\/javierperezvilla.com\/index.php?rest_route=\/wp\/v2\/media\/2218"}],"wp:attachment":[{"href":"https:\/\/javierperezvilla.com\/index.php?rest_route=%2Fwp%2Fv2%2Fmedia&parent=2217"}],"wp:term":[{"taxonomy":"category","embeddable":true,"href":"https:\/\/javierperezvilla.com\/index.php?rest_route=%2Fwp%2Fv2%2Fcategories&post=2217"},{"taxonomy":"post_tag","embeddable":true,"href":"https:\/\/javierperezvilla.com\/index.php?rest_route=%2Fwp%2Fv2%2Ftags&post=2217"}],"curies":[{"name":"wp","href":"https:\/\/api.w.org\/{rel}","templated":true}]}}