{"id":2229,"date":"2016-04-29T13:05:46","date_gmt":"2016-04-29T11:05:46","guid":{"rendered":"https:\/\/javierperezvilla.com\/?p=2229"},"modified":"2016-04-29T13:05:46","modified_gmt":"2016-04-29T11:05:46","slug":"desacuerdos-entre-la-rfef-y-los-clubes-de-3a-division","status":"publish","type":"post","link":"https:\/\/javierperezvilla.com\/?p=2229","title":{"rendered":"Desacuerdos entre la RFEF y los clubes de 3\u00aa Divisi\u00f3n"},"content":{"rendered":"<p style=\"text-align:justify;\">Los <strong>ama\u00f1os<\/strong> de partidos en el <strong>f\u00fatbol<\/strong> est\u00e1n presentes en todas las categor\u00edas. El pasado mes,\u00a0los\u00a0clubes de Tercera Divisi\u00f3n, a trav\u00e9s de la <strong>Comisi\u00f3n de Clubes de Tercera Divisi\u00f3n<\/strong>, manifestaron a la <strong>RFEF<\/strong> a trav\u00e9s de una carta, su preocupaci\u00f3n por los casos de ama\u00f1o que han sido denunciados en esta categor\u00eda recientemente.<a href=\"https:\/\/javierperezvilla.com\/wp-content\/uploads\/2016\/04\/door-husband-1271621_640-1.jpg\"><img loading=\"lazy\" decoding=\"async\" class=\"aligncenter size-full wp-image-2289\" src=\"https:\/\/javierperezvilla.com\/wp-content\/uploads\/2016\/04\/door-husband-1271621_640-1.jpg\" alt=\"\" width=\"640\" height=\"426\" \/><\/a><\/p>\n<p style=\"text-align:justify;\">La CCT expres\u00f3 su deseo de reunirse con la <strong>RFEF<\/strong> para poder trabajar conjuntamente en una soluci\u00f3n, y solicitaron adem\u00e1s que se tomen m\u00e1s medidas para solucionar un\u00a0problema que por desgracia para el f\u00fatbol se est\u00e1 convirtiendo en algo bastante habitual.<\/p>\n<p>Fuente: <strong>Iusport<\/strong><\/p>\n<p>Javier P\u00e9rez Villa<\/p>\n","protected":false},"excerpt":{"rendered":"<p>Los ama\u00f1os de partidos en el f\u00fatbol est\u00e1n presentes en todas las categor\u00edas. El pasado mes,\u00a0los\u00a0clubes de Tercera Divisi\u00f3n, a trav\u00e9s de la Comisi\u00f3n de Clubes de Tercera Divisi\u00f3n, manifestaron a la RFEF a trav\u00e9s de una carta, su preocupaci\u00f3n por los casos de ama\u00f1o&nbsp;<a class=\"read-more\" href=\"https:\/\/javierperezvilla.com\/?p=2229\">Leer m\u00e1s<\/a><\/p>\n","protected":false},"author":1,"featured_media":0,"comment_status":"open","ping_status":"open","sticky":false,"template":"","format":"gallery","meta":{"footnotes":""},"categories":[79],"tags":[82,12,83,85],"class_list":["post-2229","post","type-post","status-publish","format-gallery","hentry","category-noticias-derecho-deportivo","tag-fraude-deportivo-11","tag-futbol","tag-noticias-futbol","tag-rfef","post_format-post-format-gallery"],"_links":{"self":[{"href":"https:\/\/javierperezvilla.com\/index.php?rest_route=\/wp\/v2\/posts\/2229","targetHints":{"allow":["GET"]}}],"collection":[{"href":"https:\/\/javierperezvilla.com\/index.php?rest_route=\/wp\/v2\/posts"}],"about":[{"href":"https:\/\/javierperezvilla.com\/index.php?rest_route=\/wp\/v2\/types\/post"}],"author":[{"embeddable":true,"href":"https:\/\/javierperezvilla.com\/index.php?rest_route=\/wp\/v2\/users\/1"}],"replies":[{"embeddable":true,"href":"https:\/\/javierperezvilla.com\/index.php?rest_route=%2Fwp%2Fv2%2Fcomments&post=2229"}],"version-history":[{"count":0,"href":"https:\/\/javierperezvilla.com\/index.php?rest_route=\/wp\/v2\/posts\/2229\/revisions"}],"wp:attachment":[{"href":"https:\/\/javierperezvilla.com\/index.php?rest_route=%2Fwp%2Fv2%2Fmedia&parent=2229"}],"wp:term":[{"taxonomy":"category","embeddable":true,"href":"https:\/\/javierperezvilla.com\/index.php?rest_route=%2Fwp%2Fv2%2Fcategories&post=2229"},{"taxonomy":"post_tag","embeddable":true,"href":"https:\/\/javierperezvilla.com\/index.php?rest_route=%2Fwp%2Fv2%2Ftags&post=2229"}],"curies":[{"name":"wp","href":"https:\/\/api.w.org\/{rel}","templated":true}]}}