{"id":2335,"date":"2016-05-04T13:15:58","date_gmt":"2016-05-04T11:15:58","guid":{"rendered":"https:\/\/javierperezvilla.com\/?p=2335"},"modified":"2016-05-04T13:15:58","modified_gmt":"2016-05-04T11:15:58","slug":"la-fiba-podria-expulsar-a-espana-de-las-competiciones-europeas","status":"publish","type":"post","link":"https:\/\/javierperezvilla.com\/?p=2335","title":{"rendered":"La FIBA podr\u00eda expulsar a Espa\u00f1a de las competiciones europeas"},"content":{"rendered":"<p style=\"text-align:justify;\">Contin\u00faa el conflicto del baloncesto espa\u00f1ol con la <strong>FIBA<\/strong>. En esta ocasi\u00f3n, la organizaci\u00f3n ha advertido a Espa\u00f1a que podr\u00eda quedar\u00a0excluida de todas las competiciones internacionales\u00a0de no rectificar sus clubes.<\/p>\n<p style=\"text-align:justify;\">Varias selecciones entre las que se encontrar\u00edan la espa\u00f1ola, podr\u00edan quedar fuera de los Juegos Ol\u00edmpicos de no solucionar su conflicto con<strong> FIBA Europa<\/strong>. Desde <strong>FIBA<\/strong> han instado a las federaciones afectadas\u00a0a celebrar una reuni\u00f3n con el fin de poder\u00a0encontrar una soluci\u00f3n al conflicto que enfrenta \u00a0entre otras federaciones a la espa\u00f1ola con <strong>FIBA Europa<\/strong> despu\u00e9s de que esta \u00faltima pusiera en marcha una nueva competici\u00f3n europea.<\/p>\n<p style=\"text-align:justify;\">Fuente: <strong>Iusport<\/strong><\/p>\n<p style=\"text-align:justify;\">Javier P\u00e9rez Villa<\/p>\n","protected":false},"excerpt":{"rendered":"<p>Contin\u00faa el conflicto del baloncesto espa\u00f1ol con la FIBA. En esta ocasi\u00f3n, la organizaci\u00f3n ha advertido a Espa\u00f1a que podr\u00eda quedar\u00a0excluida de todas las competiciones internacionales\u00a0de no rectificar sus clubes. Varias selecciones entre las que se encontrar\u00edan la espa\u00f1ola, podr\u00edan quedar fuera de los Juegos&nbsp;<a class=\"read-more\" href=\"https:\/\/javierperezvilla.com\/?p=2335\">Leer m\u00e1s<\/a><\/p>\n","protected":false},"author":1,"featured_media":0,"comment_status":"open","ping_status":"open","sticky":false,"template":"","format":"image","meta":{"footnotes":""},"categories":[79],"tags":[112,114,7],"class_list":["post-2335","post","type-post","status-publish","format-image","hentry","category-noticias-derecho-deportivo","tag-baloncesto","tag-fiba","tag-noticias-2","post_format-post-format-image"],"_links":{"self":[{"href":"https:\/\/javierperezvilla.com\/index.php?rest_route=\/wp\/v2\/posts\/2335","targetHints":{"allow":["GET"]}}],"collection":[{"href":"https:\/\/javierperezvilla.com\/index.php?rest_route=\/wp\/v2\/posts"}],"about":[{"href":"https:\/\/javierperezvilla.com\/index.php?rest_route=\/wp\/v2\/types\/post"}],"author":[{"embeddable":true,"href":"https:\/\/javierperezvilla.com\/index.php?rest_route=\/wp\/v2\/users\/1"}],"replies":[{"embeddable":true,"href":"https:\/\/javierperezvilla.com\/index.php?rest_route=%2Fwp%2Fv2%2Fcomments&post=2335"}],"version-history":[{"count":0,"href":"https:\/\/javierperezvilla.com\/index.php?rest_route=\/wp\/v2\/posts\/2335\/revisions"}],"wp:attachment":[{"href":"https:\/\/javierperezvilla.com\/index.php?rest_route=%2Fwp%2Fv2%2Fmedia&parent=2335"}],"wp:term":[{"taxonomy":"category","embeddable":true,"href":"https:\/\/javierperezvilla.com\/index.php?rest_route=%2Fwp%2Fv2%2Fcategories&post=2335"},{"taxonomy":"post_tag","embeddable":true,"href":"https:\/\/javierperezvilla.com\/index.php?rest_route=%2Fwp%2Fv2%2Ftags&post=2335"}],"curies":[{"name":"wp","href":"https:\/\/api.w.org\/{rel}","templated":true}]}}