{"id":2428,"date":"2016-05-23T09:30:34","date_gmt":"2016-05-23T07:30:34","guid":{"rendered":"https:\/\/javierperezvilla.com\/?p=2428"},"modified":"2016-05-23T09:30:34","modified_gmt":"2016-05-23T07:30:34","slug":"congreso-de-sporteu-en-madrid","status":"publish","type":"post","link":"https:\/\/javierperezvilla.com\/?p=2428","title":{"rendered":"Congreso de Sport&#038;EU en Madrid"},"content":{"rendered":"<p style=\"text-align:justify;\">Durante los d\u00edas 27 y 28 de junio, Madrid acoger\u00e1 el <strong>congreso anual de la Asociaci\u00f3n por el Estudio del Deporte y Europa<\/strong>, que se celebrar\u00e1 por primera vez en Espa\u00f1a.\u00a0El evento est\u00e1 organizado por el Instituto Europeo de Estudios y la Universidad San Pablo-CEU.<\/p>\n<p style=\"text-align:justify;\">El congreso se centrar\u00e1 en tres \u00e1reas principales que son: Identidad y Deporte Europeo, gerencia deportiva y normativa legal del deporte en Europa.<\/p>\n<p style=\"text-align:justify;\">Toda la informaci\u00f3n sobre el congreso puede encontrarse en este enlace:<\/p>\n<p><strong><a href=\"http:\/\/www.sportandeu.com\/sporteu-conferences\/sporteu-conference-2016\/sporteu-2016-conference-programme\/\">Sport &amp; EU 11th Annual Conference<\/a><\/strong><\/p>\n<p>Fuente: <strong>Sport &amp; EU<\/strong><\/p>\n<p>Javier P\u00e9rez Villa<\/p>\n","protected":false},"excerpt":{"rendered":"<p>Durante los d\u00edas 27 y 28 de junio, Madrid acoger\u00e1 el congreso anual de la Asociaci\u00f3n por el Estudio del Deporte y Europa, que se celebrar\u00e1 por primera vez en Espa\u00f1a.\u00a0El evento est\u00e1 organizado por el Instituto Europeo de Estudios y la Universidad San Pablo-CEU.&nbsp;<a class=\"read-more\" href=\"https:\/\/javierperezvilla.com\/?p=2428\">Leer m\u00e1s<\/a><\/p>\n","protected":false},"author":1,"featured_media":2429,"comment_status":"open","ping_status":"open","sticky":false,"template":"","format":"image","meta":{"footnotes":""},"categories":[79],"tags":[7],"class_list":["post-2428","post","type-post","status-publish","format-image","has-post-thumbnail","hentry","category-noticias-derecho-deportivo","tag-noticias-2","post_format-post-format-image"],"_links":{"self":[{"href":"https:\/\/javierperezvilla.com\/index.php?rest_route=\/wp\/v2\/posts\/2428","targetHints":{"allow":["GET"]}}],"collection":[{"href":"https:\/\/javierperezvilla.com\/index.php?rest_route=\/wp\/v2\/posts"}],"about":[{"href":"https:\/\/javierperezvilla.com\/index.php?rest_route=\/wp\/v2\/types\/post"}],"author":[{"embeddable":true,"href":"https:\/\/javierperezvilla.com\/index.php?rest_route=\/wp\/v2\/users\/1"}],"replies":[{"embeddable":true,"href":"https:\/\/javierperezvilla.com\/index.php?rest_route=%2Fwp%2Fv2%2Fcomments&post=2428"}],"version-history":[{"count":0,"href":"https:\/\/javierperezvilla.com\/index.php?rest_route=\/wp\/v2\/posts\/2428\/revisions"}],"wp:featuredmedia":[{"embeddable":true,"href":"https:\/\/javierperezvilla.com\/index.php?rest_route=\/wp\/v2\/media\/2429"}],"wp:attachment":[{"href":"https:\/\/javierperezvilla.com\/index.php?rest_route=%2Fwp%2Fv2%2Fmedia&parent=2428"}],"wp:term":[{"taxonomy":"category","embeddable":true,"href":"https:\/\/javierperezvilla.com\/index.php?rest_route=%2Fwp%2Fv2%2Fcategories&post=2428"},{"taxonomy":"post_tag","embeddable":true,"href":"https:\/\/javierperezvilla.com\/index.php?rest_route=%2Fwp%2Fv2%2Ftags&post=2428"}],"curies":[{"name":"wp","href":"https:\/\/api.w.org\/{rel}","templated":true}]}}