{"id":2435,"date":"2016-05-20T12:00:45","date_gmt":"2016-05-20T10:00:45","guid":{"rendered":"https:\/\/javierperezvilla.com\/?p=2435"},"modified":"2016-05-20T12:00:45","modified_gmt":"2016-05-20T10:00:45","slug":"world-mediation-summit-2016-madrid","status":"publish","type":"post","link":"https:\/\/javierperezvilla.com\/?p=2435","title":{"rendered":"World Mediation Summit 2016 &#8211; Madrid"},"content":{"rendered":"<p style=\"text-align:justify;\">Entre los d\u00edas 7 y 10 de junio, Madrid va a acoger la <strong>III edici\u00f3n del World Mediation Summit<\/strong>, un congreso internacional sobre <strong>mediaci\u00f3n<\/strong> que reunir\u00e1 a diferentes expertos en este campo.<\/p>\n<p style=\"text-align:justify;\">El congreso se celebra en la facultad de derecho de la Universidad Complutense de Madrid, y se llevar\u00e1n a cabo distintas conferencias, seminarios y talleres, entre otros, que acoger\u00e1n las diferentes \u00e1reas de <strong>mediaci\u00f3n<\/strong>, entre las que se encuentra la <strong>mediaci\u00f3n deportiva.<\/strong><\/p>\n<p style=\"text-align:justify;\">Ser\u00e1 el d\u00eda 10 por la ma\u00f1ana cuando se lleve a cabo el taller sobre <strong>mediaci\u00f3n deportiva<\/strong>, en el que participar\u00e1n expertos internacionales en la materia.<\/p>\n<p style=\"text-align:justify;\">Toda la informaci\u00f3n sobre la WMS est\u00e1 disponible en este <a href=\"https:\/\/drive.google.com\/file\/d\/0B0YRUsGNFwJEZmVYbVVjQWxLaTA\/view?pref=2&amp;pli=1\"><strong>enlace<\/strong>.<\/a><\/p>\n<p style=\"text-align:justify;\">Fuente: <strong>World Mediation Summit<\/strong><\/p>\n<p>Javier P\u00e9rez Villa<\/p>\n","protected":false},"excerpt":{"rendered":"<p>Entre los d\u00edas 7 y 10 de junio, Madrid va a acoger la III edici\u00f3n del World Mediation Summit, un congreso internacional sobre mediaci\u00f3n que reunir\u00e1 a diferentes expertos en este campo. El congreso se celebra en la facultad de derecho de la Universidad Complutense&nbsp;<a class=\"read-more\" href=\"https:\/\/javierperezvilla.com\/?p=2435\">Leer m\u00e1s<\/a><\/p>\n","protected":false},"author":1,"featured_media":0,"comment_status":"open","ping_status":"open","sticky":false,"template":"","format":"image","meta":{"footnotes":""},"categories":[79],"tags":[57,54],"class_list":["post-2435","post","type-post","status-publish","format-image","hentry","category-noticias-derecho-deportivo","tag-mediacion","tag-mediacion-deportiva","post_format-post-format-image"],"_links":{"self":[{"href":"https:\/\/javierperezvilla.com\/index.php?rest_route=\/wp\/v2\/posts\/2435","targetHints":{"allow":["GET"]}}],"collection":[{"href":"https:\/\/javierperezvilla.com\/index.php?rest_route=\/wp\/v2\/posts"}],"about":[{"href":"https:\/\/javierperezvilla.com\/index.php?rest_route=\/wp\/v2\/types\/post"}],"author":[{"embeddable":true,"href":"https:\/\/javierperezvilla.com\/index.php?rest_route=\/wp\/v2\/users\/1"}],"replies":[{"embeddable":true,"href":"https:\/\/javierperezvilla.com\/index.php?rest_route=%2Fwp%2Fv2%2Fcomments&post=2435"}],"version-history":[{"count":0,"href":"https:\/\/javierperezvilla.com\/index.php?rest_route=\/wp\/v2\/posts\/2435\/revisions"}],"wp:attachment":[{"href":"https:\/\/javierperezvilla.com\/index.php?rest_route=%2Fwp%2Fv2%2Fmedia&parent=2435"}],"wp:term":[{"taxonomy":"category","embeddable":true,"href":"https:\/\/javierperezvilla.com\/index.php?rest_route=%2Fwp%2Fv2%2Fcategories&post=2435"},{"taxonomy":"post_tag","embeddable":true,"href":"https:\/\/javierperezvilla.com\/index.php?rest_route=%2Fwp%2Fv2%2Ftags&post=2435"}],"curies":[{"name":"wp","href":"https:\/\/api.w.org\/{rel}","templated":true}]}}