{"id":2445,"date":"2016-05-23T12:00:09","date_gmt":"2016-05-23T10:00:09","guid":{"rendered":"https:\/\/javierperezvilla.com\/?p=2445"},"modified":"2016-05-23T12:00:09","modified_gmt":"2016-05-23T10:00:09","slug":"la-acb-denuncia-maniobras-para-perjudicar-al-manresa","status":"publish","type":"post","link":"https:\/\/javierperezvilla.com\/?p=2445","title":{"rendered":"La ACB denuncia maniobras para perjudicar al Manresa"},"content":{"rendered":"<p style=\"text-align: justify;\">La semana pasada la <strong>ACB<\/strong> hizo\u00a0p\u00fablico un comunicado informando que se hab\u00eda\u00a0denunciado ante la polic\u00eda tras tener conocimiento a trav\u00e9s de los medios de comunicaci\u00f3n que una empresa habr\u00eda realizado una oferta publicitaria al Laboral Kutxa Baskonia y al Guipuzkoa Barket, ya que\u00a0dicha oferta perjudicar\u00eda los intereses del\u00a0ICL Manresa.<a href=\"https:\/\/javierperezvilla.com\/wp-content\/uploads\/2016\/05\/basketball-texture-background-315198_640-1.jpg\"><img loading=\"lazy\" decoding=\"async\" class=\"alignright wp-image-2446 size-full\" src=\"https:\/\/javierperezvilla.com\/wp-content\/uploads\/2016\/05\/basketball-texture-background-315198_640-1.jpg\" width=\"640\" height=\"506\" \/><\/a><\/p>\n<p style=\"text-align: justify;\">Tras conocer la noticia,\u00a0la <strong>ACB\u00a0<\/strong>puso en conocimiento del <strong>CSD<\/strong> el caso, que a su vez contact\u00f3 con la <strong>Unidad Central de Delincuencia Econ\u00f3mica y Fiscal<\/strong>.<\/p>\n<p style=\"text-align: justify;\">Fuente: <strong>Iusport<\/strong><\/p>\n<p style=\"text-align: justify;\">Javier P\u00e9rez Villa<\/p>\n","protected":false},"excerpt":{"rendered":"<p>La semana pasada la ACB hizo\u00a0p\u00fablico un comunicado informando que se hab\u00eda\u00a0denunciado ante la polic\u00eda tras tener conocimiento a trav\u00e9s de los medios de comunicaci\u00f3n que una empresa habr\u00eda realizado una oferta publicitaria al Laboral Kutxa Baskonia y al Guipuzkoa Barket, ya que\u00a0dicha oferta perjudicar\u00eda&nbsp;<a class=\"read-more\" href=\"https:\/\/javierperezvilla.com\/?p=2445\">Leer m\u00e1s<\/a><\/p>\n","protected":false},"author":1,"featured_media":0,"comment_status":"open","ping_status":"open","sticky":false,"template":"","format":"gallery","meta":{"footnotes":""},"categories":[79],"tags":[112,7],"class_list":["post-2445","post","type-post","status-publish","format-gallery","hentry","category-noticias-derecho-deportivo","tag-baloncesto","tag-noticias-2","post_format-post-format-gallery"],"_links":{"self":[{"href":"https:\/\/javierperezvilla.com\/index.php?rest_route=\/wp\/v2\/posts\/2445","targetHints":{"allow":["GET"]}}],"collection":[{"href":"https:\/\/javierperezvilla.com\/index.php?rest_route=\/wp\/v2\/posts"}],"about":[{"href":"https:\/\/javierperezvilla.com\/index.php?rest_route=\/wp\/v2\/types\/post"}],"author":[{"embeddable":true,"href":"https:\/\/javierperezvilla.com\/index.php?rest_route=\/wp\/v2\/users\/1"}],"replies":[{"embeddable":true,"href":"https:\/\/javierperezvilla.com\/index.php?rest_route=%2Fwp%2Fv2%2Fcomments&post=2445"}],"version-history":[{"count":0,"href":"https:\/\/javierperezvilla.com\/index.php?rest_route=\/wp\/v2\/posts\/2445\/revisions"}],"wp:attachment":[{"href":"https:\/\/javierperezvilla.com\/index.php?rest_route=%2Fwp%2Fv2%2Fmedia&parent=2445"}],"wp:term":[{"taxonomy":"category","embeddable":true,"href":"https:\/\/javierperezvilla.com\/index.php?rest_route=%2Fwp%2Fv2%2Fcategories&post=2445"},{"taxonomy":"post_tag","embeddable":true,"href":"https:\/\/javierperezvilla.com\/index.php?rest_route=%2Fwp%2Fv2%2Ftags&post=2445"}],"curies":[{"name":"wp","href":"https:\/\/api.w.org\/{rel}","templated":true}]}}