{"id":2518,"date":"2016-06-02T12:45:14","date_gmt":"2016-06-02T10:45:14","guid":{"rendered":"https:\/\/javierperezvilla.com\/?p=2518"},"modified":"2016-06-02T12:45:14","modified_gmt":"2016-06-02T10:45:14","slug":"condenan-al-dueno-de-una-agencia-de-viajes-por-un-fraude-en-el-mundial-de-sudafrica","status":"publish","type":"post","link":"https:\/\/javierperezvilla.com\/?p=2518","title":{"rendered":"Condenan al due\u00f1o de una agencia de viajes por un fraude en el mundial de Sud\u00e1frica"},"content":{"rendered":"<p style=\"text-align:justify;\">El due\u00f1o de una agencia de viajes ha sido condenado a 4 a\u00f1os de prisi\u00f3n por\u00a0la Audiencia Nacional tras haber sido juzgado\u00a0por vender paquetes con entradas falsas a 255 personas para asistir a la final que disput\u00f3 Espa\u00f1a\u00a0en el Mundial de F\u00fatbol de Sud\u00e1frica de 2010.<a href=\"https:\/\/javierperezvilla.com\/wp-content\/uploads\/2016\/05\/football-1051325_640-1.jpg\"><img loading=\"lazy\" decoding=\"async\" class=\"aligncenter size-full wp-image-2526\" src=\"https:\/\/javierperezvilla.com\/wp-content\/uploads\/2016\/05\/football-1051325_640-1.jpg\" alt=\"football-1051325_640\" width=\"640\" height=\"480\" \/><\/a><\/p>\n<p style=\"text-align:justify;\">Seg\u00fan la sentencia de la Audiencia Nacional, el acusado tambi\u00e9n deber\u00e1 indemnizar a 45 personas que presentaron reclamaci\u00f3n por da\u00f1os morales, as\u00ed como a la empresa responsable del avi\u00f3n\u00a0as\u00ed como a la intermediaria que flet\u00f3 el vuelo.<\/p>\n<p>Fuente: <strong>Iusport<\/strong><\/p>\n<p>Javier P\u00e9rez Villa<\/p>\n","protected":false},"excerpt":{"rendered":"<p>El due\u00f1o de una agencia de viajes ha sido condenado a 4 a\u00f1os de prisi\u00f3n por\u00a0la Audiencia Nacional tras haber sido juzgado\u00a0por vender paquetes con entradas falsas a 255 personas para asistir a la final que disput\u00f3 Espa\u00f1a\u00a0en el Mundial de F\u00fatbol de Sud\u00e1frica de&nbsp;<a class=\"read-more\" href=\"https:\/\/javierperezvilla.com\/?p=2518\">Leer m\u00e1s<\/a><\/p>\n","protected":false},"author":1,"featured_media":0,"comment_status":"open","ping_status":"open","sticky":false,"template":"","format":"gallery","meta":{"footnotes":""},"categories":[79],"tags":[],"class_list":["post-2518","post","type-post","status-publish","format-gallery","hentry","category-noticias-derecho-deportivo","post_format-post-format-gallery"],"_links":{"self":[{"href":"https:\/\/javierperezvilla.com\/index.php?rest_route=\/wp\/v2\/posts\/2518","targetHints":{"allow":["GET"]}}],"collection":[{"href":"https:\/\/javierperezvilla.com\/index.php?rest_route=\/wp\/v2\/posts"}],"about":[{"href":"https:\/\/javierperezvilla.com\/index.php?rest_route=\/wp\/v2\/types\/post"}],"author":[{"embeddable":true,"href":"https:\/\/javierperezvilla.com\/index.php?rest_route=\/wp\/v2\/users\/1"}],"replies":[{"embeddable":true,"href":"https:\/\/javierperezvilla.com\/index.php?rest_route=%2Fwp%2Fv2%2Fcomments&post=2518"}],"version-history":[{"count":0,"href":"https:\/\/javierperezvilla.com\/index.php?rest_route=\/wp\/v2\/posts\/2518\/revisions"}],"wp:attachment":[{"href":"https:\/\/javierperezvilla.com\/index.php?rest_route=%2Fwp%2Fv2%2Fmedia&parent=2518"}],"wp:term":[{"taxonomy":"category","embeddable":true,"href":"https:\/\/javierperezvilla.com\/index.php?rest_route=%2Fwp%2Fv2%2Fcategories&post=2518"},{"taxonomy":"post_tag","embeddable":true,"href":"https:\/\/javierperezvilla.com\/index.php?rest_route=%2Fwp%2Fv2%2Ftags&post=2518"}],"curies":[{"name":"wp","href":"https:\/\/api.w.org\/{rel}","templated":true}]}}