{"id":2533,"date":"2016-06-03T08:30:02","date_gmt":"2016-06-03T06:30:02","guid":{"rendered":"https:\/\/javierperezvilla.com\/?p=2533"},"modified":"2016-06-03T08:30:02","modified_gmt":"2016-06-03T06:30:02","slug":"novedades-rescisiones-de-contratos-en-2a-b-y-3a-divison","status":"publish","type":"post","link":"https:\/\/javierperezvilla.com\/?p=2533","title":{"rendered":"Novedades rescisiones de contratos en 2\u00aa B y 3\u00aa Divis\u00f3n"},"content":{"rendered":"<p style=\"text-align: justify;\">El <strong>procedimiento abreviado de resoluci\u00f3n contractual<\/strong>, que se aplica tanto en los clubes de primera como de segunda divisi\u00f3n de la liga espa\u00f1ola de f\u00fatbol, llega ahora a los clubes de 2\u00aa B y 3\u00aa divisi\u00f3n.<\/p>\n<p style=\"text-align: justify;\">Este procedimiento, que permite a los jugadores resolver su contrato con los clubes en caso de impagos durante tres meses, se aplicar\u00e1 en estas categor\u00edas a partir de la pr\u00f3xima temporada, tras haber sido aprobada la propuesta que la <strong>AFE<\/strong> traslad\u00f3 a la <strong>RFEF<\/strong>.<a href=\"https:\/\/javierperezvilla.com\/wp-content\/uploads\/2016\/05\/statue-495270_640.jpg\"><img loading=\"lazy\" decoding=\"async\" class=\"aligncenter size-full wp-image-2536\" src=\"https:\/\/javierperezvilla.com\/wp-content\/uploads\/2016\/05\/statue-495270_640.jpg\" alt=\"\" width=\"479\" height=\"640\" srcset=\"https:\/\/javierperezvilla.com\/wp-content\/uploads\/2016\/05\/statue-495270_640.jpg 479w, https:\/\/javierperezvilla.com\/wp-content\/uploads\/2016\/05\/statue-495270_640-225x300.jpg 225w\" sizes=\"auto, (max-width: 479px) 100vw, 479px\" \/><\/a><\/p>\n<p style=\"text-align: justify;\">Este procedimiento estar\u00e1 limitado, ya que solo se podr\u00e1 solicitar por un m\u00e1ximo de 10 jugadores por equipo y temporada, y no se podr\u00e1 solicitar la resoluci\u00f3n contractual en las diez \u00faltimas jornadas de liga, as\u00ed como en las fases de ascenso o descenso de categor\u00eda.<\/p>\n<p style=\"text-align: justify;\">Desde la <strong>AFE<\/strong> conf\u00edan en que la entrada en vigor de esta medida ponga fin a la situaci\u00f3n de desamparo que en la actualidad sufren muchos futbolistas, al no percibir por parte de los clubes sus n\u00f3minas o fichas.<\/p>\n<p>Fuente: <strong>Iusport<\/strong><\/p>\n<p>Javier P\u00e9rez Villa<\/p>\n","protected":false},"excerpt":{"rendered":"<p>El procedimiento abreviado de resoluci\u00f3n contractual, que se aplica tanto en los clubes de primera como de segunda divisi\u00f3n de la liga espa\u00f1ola de f\u00fatbol, llega ahora a los clubes de 2\u00aa B y 3\u00aa divisi\u00f3n. Este procedimiento, que permite a los jugadores resolver su&nbsp;<a class=\"read-more\" href=\"https:\/\/javierperezvilla.com\/?p=2533\">Leer m\u00e1s<\/a><\/p>\n","protected":false},"author":1,"featured_media":0,"comment_status":"open","ping_status":"open","sticky":false,"template":"","format":"gallery","meta":{"footnotes":""},"categories":[79],"tags":[12,22,7,83,85],"class_list":["post-2533","post","type-post","status-publish","format-gallery","hentry","category-noticias-derecho-deportivo","tag-futbol","tag-lfp","tag-noticias-2","tag-noticias-futbol","tag-rfef","post_format-post-format-gallery"],"_links":{"self":[{"href":"https:\/\/javierperezvilla.com\/index.php?rest_route=\/wp\/v2\/posts\/2533","targetHints":{"allow":["GET"]}}],"collection":[{"href":"https:\/\/javierperezvilla.com\/index.php?rest_route=\/wp\/v2\/posts"}],"about":[{"href":"https:\/\/javierperezvilla.com\/index.php?rest_route=\/wp\/v2\/types\/post"}],"author":[{"embeddable":true,"href":"https:\/\/javierperezvilla.com\/index.php?rest_route=\/wp\/v2\/users\/1"}],"replies":[{"embeddable":true,"href":"https:\/\/javierperezvilla.com\/index.php?rest_route=%2Fwp%2Fv2%2Fcomments&post=2533"}],"version-history":[{"count":0,"href":"https:\/\/javierperezvilla.com\/index.php?rest_route=\/wp\/v2\/posts\/2533\/revisions"}],"wp:attachment":[{"href":"https:\/\/javierperezvilla.com\/index.php?rest_route=%2Fwp%2Fv2%2Fmedia&parent=2533"}],"wp:term":[{"taxonomy":"category","embeddable":true,"href":"https:\/\/javierperezvilla.com\/index.php?rest_route=%2Fwp%2Fv2%2Fcategories&post=2533"},{"taxonomy":"post_tag","embeddable":true,"href":"https:\/\/javierperezvilla.com\/index.php?rest_route=%2Fwp%2Fv2%2Ftags&post=2533"}],"curies":[{"name":"wp","href":"https:\/\/api.w.org\/{rel}","templated":true}]}}