{"id":2539,"date":"2016-06-06T12:50:21","date_gmt":"2016-06-06T10:50:21","guid":{"rendered":"https:\/\/javierperezvilla.com\/?p=2539"},"modified":"2016-06-06T12:50:21","modified_gmt":"2016-06-06T10:50:21","slug":"fifa-sanciona-a-siete-federaciones-por-canticos-discriminatorios","status":"publish","type":"post","link":"https:\/\/javierperezvilla.com\/?p=2539","title":{"rendered":"FIFA sanciona a siete federaciones por c\u00e1nticos discriminatorios"},"content":{"rendered":"<p style=\"text-align:justify;\"><strong>FIFA<\/strong> ha impuesto sanciones a siete federaciones con motivo de los <strong>c\u00e1nticos y comportamientos discriminatorios<\/strong> de sus seguidores en varios partidos clasificatorios para el Mundial de Rusia 2018.<\/p>\n<p style=\"text-align:justify;\">Uno de los pa\u00edses afectados por esta sanci\u00f3n es Croacia, que deber\u00e1 disputar los dos primeros partidos de clasificaci\u00f3n del mundial a puerta cerrada, y deber\u00e1 pagar una multa por los incidentes que tuvieron lugar durante los amistosos con Israel y Hungr\u00eda en abril.<\/p>\n<p style=\"text-align:justify;\">Chile, otra de las federaciones afectadas, no podr\u00e1 disputar los pr\u00f3ximos dos partidos oficiales en el Estadio Nacional Julio Martinez. El resto de federaciones, entre las que se encuentra Mexico, Honduras, Per\u00fa, El Salvador o Paraguay, deber\u00e1n hacer frente a multas econ\u00f3micas por los c\u00e1nticos discriminatorios proferidos durante el transcurso de diferentes partidos.<\/p>\n<p>Fuente:\u00a0<strong>FIFA<\/strong><\/p>\n<p>Javier P\u00e9rez Villa<\/p>\n","protected":false},"excerpt":{"rendered":"<p>FIFA ha impuesto sanciones a siete federaciones con motivo de los c\u00e1nticos y comportamientos discriminatorios de sus seguidores en varios partidos clasificatorios para el Mundial de Rusia 2018. Uno de los pa\u00edses afectados por esta sanci\u00f3n es Croacia, que deber\u00e1 disputar los dos primeros partidos&nbsp;<a class=\"read-more\" href=\"https:\/\/javierperezvilla.com\/?p=2539\">Leer m\u00e1s<\/a><\/p>\n","protected":false},"author":1,"featured_media":2540,"comment_status":"open","ping_status":"open","sticky":false,"template":"","format":"image","meta":{"footnotes":""},"categories":[79],"tags":[26,12,7,83],"class_list":["post-2539","post","type-post","status-publish","format-image","has-post-thumbnail","hentry","category-noticias-derecho-deportivo","tag-fifa","tag-futbol","tag-noticias-2","tag-noticias-futbol","post_format-post-format-image"],"_links":{"self":[{"href":"https:\/\/javierperezvilla.com\/index.php?rest_route=\/wp\/v2\/posts\/2539","targetHints":{"allow":["GET"]}}],"collection":[{"href":"https:\/\/javierperezvilla.com\/index.php?rest_route=\/wp\/v2\/posts"}],"about":[{"href":"https:\/\/javierperezvilla.com\/index.php?rest_route=\/wp\/v2\/types\/post"}],"author":[{"embeddable":true,"href":"https:\/\/javierperezvilla.com\/index.php?rest_route=\/wp\/v2\/users\/1"}],"replies":[{"embeddable":true,"href":"https:\/\/javierperezvilla.com\/index.php?rest_route=%2Fwp%2Fv2%2Fcomments&post=2539"}],"version-history":[{"count":0,"href":"https:\/\/javierperezvilla.com\/index.php?rest_route=\/wp\/v2\/posts\/2539\/revisions"}],"wp:featuredmedia":[{"embeddable":true,"href":"https:\/\/javierperezvilla.com\/index.php?rest_route=\/wp\/v2\/media\/2540"}],"wp:attachment":[{"href":"https:\/\/javierperezvilla.com\/index.php?rest_route=%2Fwp%2Fv2%2Fmedia&parent=2539"}],"wp:term":[{"taxonomy":"category","embeddable":true,"href":"https:\/\/javierperezvilla.com\/index.php?rest_route=%2Fwp%2Fv2%2Fcategories&post=2539"},{"taxonomy":"post_tag","embeddable":true,"href":"https:\/\/javierperezvilla.com\/index.php?rest_route=%2Fwp%2Fv2%2Ftags&post=2539"}],"curies":[{"name":"wp","href":"https:\/\/api.w.org\/{rel}","templated":true}]}}