{"id":2551,"date":"2016-06-07T10:00:34","date_gmt":"2016-06-07T08:00:34","guid":{"rendered":"https:\/\/javierperezvilla.com\/?p=2551"},"modified":"2016-06-07T10:00:34","modified_gmt":"2016-06-07T08:00:34","slug":"expropiacion-forzosa-de-las-acciones-del-recreativo-de-huelva","status":"publish","type":"post","link":"https:\/\/javierperezvilla.com\/?p=2551","title":{"rendered":"Expropiaci\u00f3n forzosa de las acciones del Recreativo de Huelva"},"content":{"rendered":"<p style=\"text-align:justify;\">El ayuntamiento\u00a0de Huelva\u00a0anunci\u00f3 el inicio del proceso de \u00ab<strong>expropiaci\u00f3n forzosa<\/strong>\u00bb de las acciones del <strong>Recreativo de Huelva<\/strong> al\u00a0m\u00e1ximo accionista, con el fin de tomar el control del club, ya que como anunci\u00f3 el alcalde de la localidad, existe un riesgo real de desaparici\u00f3n.<\/p>\n<p style=\"text-align:justify;\">El <strong>Recreativo de Huelva<\/strong> ostenta el t\u00edtulo de <strong>Bien de Inter\u00e9s Cultural<\/strong>, por lo que al tener un inter\u00e9s social, esta expropiaci\u00f3n est\u00e1 justificada en t\u00e9rminos jur\u00eddicos.<\/p>\n<p style=\"text-align:justify;\">Esta decisi\u00f3n se toma tras\u00a0un proceso de venta frustrado y la negativa del propietario del club a cumplir con las necesidades econ\u00f3micas de \u00e9ste y sus empleados.<\/p>\n<p>Fuente: <strong>Iusport<\/strong><\/p>\n<p>Javier P\u00e9rez Villa<\/p>\n","protected":false},"excerpt":{"rendered":"<p>El ayuntamiento\u00a0de Huelva\u00a0anunci\u00f3 el inicio del proceso de \u00abexpropiaci\u00f3n forzosa\u00bb de las acciones del Recreativo de Huelva al\u00a0m\u00e1ximo accionista, con el fin de tomar el control del club, ya que como anunci\u00f3 el alcalde de la localidad, existe un riesgo real de desaparici\u00f3n. El Recreativo&nbsp;<a class=\"read-more\" href=\"https:\/\/javierperezvilla.com\/?p=2551\">Leer m\u00e1s<\/a><\/p>\n","protected":false},"author":1,"featured_media":0,"comment_status":"open","ping_status":"open","sticky":false,"template":"","format":"image","meta":{"footnotes":""},"categories":[79],"tags":[12,22,83],"class_list":["post-2551","post","type-post","status-publish","format-image","hentry","category-noticias-derecho-deportivo","tag-futbol","tag-lfp","tag-noticias-futbol","post_format-post-format-image"],"_links":{"self":[{"href":"https:\/\/javierperezvilla.com\/index.php?rest_route=\/wp\/v2\/posts\/2551","targetHints":{"allow":["GET"]}}],"collection":[{"href":"https:\/\/javierperezvilla.com\/index.php?rest_route=\/wp\/v2\/posts"}],"about":[{"href":"https:\/\/javierperezvilla.com\/index.php?rest_route=\/wp\/v2\/types\/post"}],"author":[{"embeddable":true,"href":"https:\/\/javierperezvilla.com\/index.php?rest_route=\/wp\/v2\/users\/1"}],"replies":[{"embeddable":true,"href":"https:\/\/javierperezvilla.com\/index.php?rest_route=%2Fwp%2Fv2%2Fcomments&post=2551"}],"version-history":[{"count":0,"href":"https:\/\/javierperezvilla.com\/index.php?rest_route=\/wp\/v2\/posts\/2551\/revisions"}],"wp:attachment":[{"href":"https:\/\/javierperezvilla.com\/index.php?rest_route=%2Fwp%2Fv2%2Fmedia&parent=2551"}],"wp:term":[{"taxonomy":"category","embeddable":true,"href":"https:\/\/javierperezvilla.com\/index.php?rest_route=%2Fwp%2Fv2%2Fcategories&post=2551"},{"taxonomy":"post_tag","embeddable":true,"href":"https:\/\/javierperezvilla.com\/index.php?rest_route=%2Fwp%2Fv2%2Ftags&post=2551"}],"curies":[{"name":"wp","href":"https:\/\/api.w.org\/{rel}","templated":true}]}}