{"id":2552,"date":"2016-06-03T13:00:25","date_gmt":"2016-06-03T11:00:25","guid":{"rendered":"https:\/\/javierperezvilla.com\/?p=2552"},"modified":"2016-06-03T13:00:25","modified_gmt":"2016-06-03T11:00:25","slug":"el-csd-debera-aprobar-la-venta-del-granada","status":"publish","type":"post","link":"https:\/\/javierperezvilla.com\/?p=2552","title":{"rendered":"El CSD deber\u00e1 aprobar la venta del Granada"},"content":{"rendered":"<p><a href=\"https:\/\/javierperezvilla.com\/wp-content\/uploads\/2016\/06\/goal-net-1-1440749-639x425-1.jpg\"><img loading=\"lazy\" decoding=\"async\" class=\"size-full wp-image-2562\" src=\"https:\/\/javierperezvilla.com\/wp-content\/uploads\/2016\/06\/goal-net-1-1440749-639x425-1.jpg\" alt=\"Football soccer goal net and grass.\" width=\"639\" height=\"426\" \/><\/a><\/p>\n<p style=\"text-align:justify;\">La venta del Granada por parte del grupo asi\u00e1tico Desports ha sido finalmente cerrada, aunque para hacer efectiva esta operaci\u00f3n, el <strong>Consejo Superior de Deportes<\/strong> deber\u00e1 aprobar la venta.<\/p>\n<p style=\"text-align:justify;\">Se espera que tras estudiar la venta, el <strong>CSD<\/strong> de su visto bueno en los pr\u00f3ximos d\u00edas.<\/p>\n<p>Fuente: <strong>Iusport<\/strong><\/p>\n<p>Javier P\u00e9rez Villa<\/p>\n","protected":false},"excerpt":{"rendered":"<p>La venta del Granada por parte del grupo asi\u00e1tico Desports ha sido finalmente cerrada, aunque para hacer efectiva esta operaci\u00f3n, el Consejo Superior de Deportes deber\u00e1 aprobar la venta. Se espera que tras estudiar la venta, el CSD de su visto bueno en los pr\u00f3ximos&nbsp;<a class=\"read-more\" href=\"https:\/\/javierperezvilla.com\/?p=2552\">Leer m\u00e1s<\/a><\/p>\n","protected":false},"author":1,"featured_media":0,"comment_status":"open","ping_status":"open","sticky":false,"template":"","format":"gallery","meta":{"footnotes":""},"categories":[79],"tags":[12,83],"class_list":["post-2552","post","type-post","status-publish","format-gallery","hentry","category-noticias-derecho-deportivo","tag-futbol","tag-noticias-futbol","post_format-post-format-gallery"],"_links":{"self":[{"href":"https:\/\/javierperezvilla.com\/index.php?rest_route=\/wp\/v2\/posts\/2552","targetHints":{"allow":["GET"]}}],"collection":[{"href":"https:\/\/javierperezvilla.com\/index.php?rest_route=\/wp\/v2\/posts"}],"about":[{"href":"https:\/\/javierperezvilla.com\/index.php?rest_route=\/wp\/v2\/types\/post"}],"author":[{"embeddable":true,"href":"https:\/\/javierperezvilla.com\/index.php?rest_route=\/wp\/v2\/users\/1"}],"replies":[{"embeddable":true,"href":"https:\/\/javierperezvilla.com\/index.php?rest_route=%2Fwp%2Fv2%2Fcomments&post=2552"}],"version-history":[{"count":0,"href":"https:\/\/javierperezvilla.com\/index.php?rest_route=\/wp\/v2\/posts\/2552\/revisions"}],"wp:attachment":[{"href":"https:\/\/javierperezvilla.com\/index.php?rest_route=%2Fwp%2Fv2%2Fmedia&parent=2552"}],"wp:term":[{"taxonomy":"category","embeddable":true,"href":"https:\/\/javierperezvilla.com\/index.php?rest_route=%2Fwp%2Fv2%2Fcategories&post=2552"},{"taxonomy":"post_tag","embeddable":true,"href":"https:\/\/javierperezvilla.com\/index.php?rest_route=%2Fwp%2Fv2%2Ftags&post=2552"}],"curies":[{"name":"wp","href":"https:\/\/api.w.org\/{rel}","templated":true}]}}