{"id":2579,"date":"2016-06-09T10:00:35","date_gmt":"2016-06-09T08:00:35","guid":{"rendered":"https:\/\/javierperezvilla.com\/?p=2579"},"modified":"2016-06-09T10:00:35","modified_gmt":"2016-06-09T08:00:35","slug":"un-tribunal-aleman-anula-las-sanciones-de-fiba","status":"publish","type":"post","link":"https:\/\/javierperezvilla.com\/?p=2579","title":{"rendered":"Un tribunal alem\u00e1n anula las sanciones de FIBA"},"content":{"rendered":"<p style=\"text-align:justify;\">El Tribunal Regional de Munich ha fallado en contra de\u00a0las sanciones que <strong>FIBA<\/strong> y <strong>FIBA Europa<\/strong> puedan imponer a las ligas y federaciones europeas. As\u00ed pues, tanto\u00a0<strong>FIBA<\/strong>\u00a0como\u00a0<strong>FIBA Europa<\/strong> podr\u00e1n sancionar a los clubes con la prohibici\u00f3n de participar en competiciones de la Euroliga<\/p>\n<p style=\"text-align:justify;\">Igualmente, tampoco podr\u00e1n excluir\u00a0a las selecciones que est\u00e9n clasificadas para sus competiciones. Toda sanci\u00f3n, amenaza de sanci\u00f3n o presi\u00f3n se considerar\u00e1 como un incumplimiento de esta decisi\u00f3n judicial, por lo que ni\u00a0<strong>FIBA,<\/strong>\u00a0ni\u00a0<strong>FIBA Europa<\/strong> podr\u00e1n ser sancionados con multas econ\u00f3micas e incluiso prisi\u00f3n de hasta seis meses.<\/p>\n<p>&nbsp;<\/p>\n<p>&nbsp;<\/p>\n<p>&nbsp;<\/p>\n<p>Fuente: <strong>Iusport<\/strong><\/p>\n<p>Javier P\u00e9rez Villa<\/p>\n","protected":false},"excerpt":{"rendered":"<p>El Tribunal Regional de Munich ha fallado en contra de\u00a0las sanciones que FIBA y FIBA Europa puedan imponer a las ligas y federaciones europeas. As\u00ed pues, tanto\u00a0FIBA\u00a0como\u00a0FIBA Europa podr\u00e1n sancionar a los clubes con la prohibici\u00f3n de participar en competiciones de la Euroliga Igualmente, tampoco&nbsp;<a class=\"read-more\" href=\"https:\/\/javierperezvilla.com\/?p=2579\">Leer m\u00e1s<\/a><\/p>\n","protected":false},"author":1,"featured_media":0,"comment_status":"open","ping_status":"open","sticky":false,"template":"","format":"gallery","meta":{"footnotes":""},"categories":[79],"tags":[112,114,7],"class_list":["post-2579","post","type-post","status-publish","format-gallery","hentry","category-noticias-derecho-deportivo","tag-baloncesto","tag-fiba","tag-noticias-2","post_format-post-format-gallery"],"_links":{"self":[{"href":"https:\/\/javierperezvilla.com\/index.php?rest_route=\/wp\/v2\/posts\/2579","targetHints":{"allow":["GET"]}}],"collection":[{"href":"https:\/\/javierperezvilla.com\/index.php?rest_route=\/wp\/v2\/posts"}],"about":[{"href":"https:\/\/javierperezvilla.com\/index.php?rest_route=\/wp\/v2\/types\/post"}],"author":[{"embeddable":true,"href":"https:\/\/javierperezvilla.com\/index.php?rest_route=\/wp\/v2\/users\/1"}],"replies":[{"embeddable":true,"href":"https:\/\/javierperezvilla.com\/index.php?rest_route=%2Fwp%2Fv2%2Fcomments&post=2579"}],"version-history":[{"count":0,"href":"https:\/\/javierperezvilla.com\/index.php?rest_route=\/wp\/v2\/posts\/2579\/revisions"}],"wp:attachment":[{"href":"https:\/\/javierperezvilla.com\/index.php?rest_route=%2Fwp%2Fv2%2Fmedia&parent=2579"}],"wp:term":[{"taxonomy":"category","embeddable":true,"href":"https:\/\/javierperezvilla.com\/index.php?rest_route=%2Fwp%2Fv2%2Fcategories&post=2579"},{"taxonomy":"post_tag","embeddable":true,"href":"https:\/\/javierperezvilla.com\/index.php?rest_route=%2Fwp%2Fv2%2Ftags&post=2579"}],"curies":[{"name":"wp","href":"https:\/\/api.w.org\/{rel}","templated":true}]}}