{"id":2594,"date":"2016-06-13T13:30:37","date_gmt":"2016-06-13T11:30:37","guid":{"rendered":"https:\/\/javierperezvilla.com\/?p=2594"},"modified":"2016-06-13T13:30:37","modified_gmt":"2016-06-13T11:30:37","slug":"el-cordoba-condenado-a-indemnizar-por-los-derechos-de-formacion-de-un-futbolista","status":"publish","type":"post","link":"https:\/\/javierperezvilla.com\/?p=2594","title":{"rendered":"El C\u00f3rdoba condenado a indemnizar por los derechos de formaci\u00f3n de un futbolista"},"content":{"rendered":"<p style=\"text-align:justify;\">El <strong>C\u00f3rdoba CF<\/strong> ha sido condenado a indemnizar con 70.000 euros al Club Deportivo Juan\u00edn y Diego en concepto de\u00a0los <strong>derechos de formaci\u00f3n<\/strong> del ex-jugador del club,\u00a0Fede Vico, que fue traspasado al Anderlecht en el a\u00f1o 2013.<\/p>\n<p style=\"text-align:justify;\">El C\u00f3rdoba hab\u00eda incumplido el acuerdo inicial al que llegaron ambos clubes con la concesi\u00f3n de abonos y entradas por tres temporadas. Cuando el club ascendi\u00f3 a primera divisi\u00f3n en 2014, rompi\u00f3 este acuerdo de manera unilateral, cumpliendo solamente uno de los tres ejercicios acordados inicialmente.<\/p>\n<p>Fuente: <strong>Iusport<\/strong><\/p>\n<p>Javier P\u00e9rez Villa<\/p>\n","protected":false},"excerpt":{"rendered":"<p>El C\u00f3rdoba CF ha sido condenado a indemnizar con 70.000 euros al Club Deportivo Juan\u00edn y Diego en concepto de\u00a0los derechos de formaci\u00f3n del ex-jugador del club,\u00a0Fede Vico, que fue traspasado al Anderlecht en el a\u00f1o 2013. El C\u00f3rdoba hab\u00eda incumplido el acuerdo inicial al&nbsp;<a class=\"read-more\" href=\"https:\/\/javierperezvilla.com\/?p=2594\">Leer m\u00e1s<\/a><\/p>\n","protected":false},"author":1,"featured_media":0,"comment_status":"open","ping_status":"open","sticky":false,"template":"","format":"image","meta":{"footnotes":""},"categories":[79],"tags":[11,12,7,83,111],"class_list":["post-2594","post","type-post","status-publish","format-image","hentry","category-noticias-derecho-deportivo","tag-derecho-del-futbol","tag-futbol","tag-noticias-2","tag-noticias-futbol","tag-sanciones","post_format-post-format-image"],"_links":{"self":[{"href":"https:\/\/javierperezvilla.com\/index.php?rest_route=\/wp\/v2\/posts\/2594","targetHints":{"allow":["GET"]}}],"collection":[{"href":"https:\/\/javierperezvilla.com\/index.php?rest_route=\/wp\/v2\/posts"}],"about":[{"href":"https:\/\/javierperezvilla.com\/index.php?rest_route=\/wp\/v2\/types\/post"}],"author":[{"embeddable":true,"href":"https:\/\/javierperezvilla.com\/index.php?rest_route=\/wp\/v2\/users\/1"}],"replies":[{"embeddable":true,"href":"https:\/\/javierperezvilla.com\/index.php?rest_route=%2Fwp%2Fv2%2Fcomments&post=2594"}],"version-history":[{"count":0,"href":"https:\/\/javierperezvilla.com\/index.php?rest_route=\/wp\/v2\/posts\/2594\/revisions"}],"wp:attachment":[{"href":"https:\/\/javierperezvilla.com\/index.php?rest_route=%2Fwp%2Fv2%2Fmedia&parent=2594"}],"wp:term":[{"taxonomy":"category","embeddable":true,"href":"https:\/\/javierperezvilla.com\/index.php?rest_route=%2Fwp%2Fv2%2Fcategories&post=2594"},{"taxonomy":"post_tag","embeddable":true,"href":"https:\/\/javierperezvilla.com\/index.php?rest_route=%2Fwp%2Fv2%2Ftags&post=2594"}],"curies":[{"name":"wp","href":"https:\/\/api.w.org\/{rel}","templated":true}]}}