{"id":2605,"date":"2016-06-15T09:30:28","date_gmt":"2016-06-15T07:30:28","guid":{"rendered":"https:\/\/javierperezvilla.com\/?p=2605"},"modified":"2016-06-15T09:30:28","modified_gmt":"2016-06-15T07:30:28","slug":"piden-juzgar-a-neymar-y-a-su-padre-por-estafa","status":"publish","type":"post","link":"https:\/\/javierperezvilla.com\/?p=2605","title":{"rendered":"Piden juzgar a Neymar y a su padre por estafa"},"content":{"rendered":"<p style=\"text-align:justify;\">En la causa abierta por la querella que present\u00f3 la empresa de representaci\u00f3n DIS-Esportes e Organiza\u00e7ao de Eventos, que pose\u00eda el 40% de los derechos federativos de Neymar, la Fiscal\u00eda de la Audiencia Nacional ha solicitado finalmente que se juzgue al jugador \u00a0y a su padre por presunta corrupci\u00f3n y estafa derivados de su fichajepor el F.C. Barcelona.<a href=\"https:\/\/javierperezvilla.com\/wp-content\/uploads\/2016\/06\/neymar_16245492137-1.jpg\"><img loading=\"lazy\" decoding=\"async\" class=\"wp-image-2607 size-large aligncenter\" src=\"https:\/\/javierperezvilla.com\/wp-content\/uploads\/2016\/06\/neymar_16245492137-1.jpg?w=940\" width=\"940\" height=\"627\" \/><\/a><\/p>\n<p style=\"text-align:justify;\">El fiscal tambi\u00e9n ha pedido la continuaci\u00f3n del procedimiento contra el club, as\u00ed como contra el Santos, club de procedencia del jugador, y contra sus presidentes en el momento de la operaci\u00f3n,\u00a0Sandro Rosell y Odilio Rodrigues.<\/p>\n<p style=\"text-align:justify;\">En la operaci\u00f3n del fichaje de Neymar, el Barcelona negoci\u00f3 con el jugador,\u00a0su padre y el Santos unas cuant\u00edas iniciales que despu\u00e9s se vieron incrementadas. Estas operaciones se acordaron de\u00a0manera que las cantidades que el Santos deb\u00eda recibir por la operaci\u00f3n, lo hiciese de manera directa, evitando as\u00ed pagar los honorarios correspondientes a DIS por los derechos federativos del jugador.<\/p>\n<p style=\"text-align:justify;\">El fiscal estima que DIS dej\u00f3 de percibir 10 millones de euros en la operaci\u00f3n, por lo que solicita una indemnizaci\u00f3n de 3,2 millones de euros.<\/p>\n<p style=\"text-align:justify;\">Fuente: <strong>Europa Press<\/strong><\/p>\n<p>Javier P\u00e9rez Villa<\/p>\n<p>&nbsp;<\/p>\n<p>&nbsp;<\/p>\n<p>&nbsp;<\/p>\n","protected":false},"excerpt":{"rendered":"<p>En la causa abierta por la querella que present\u00f3 la empresa de representaci\u00f3n DIS-Esportes e Organiza\u00e7ao de Eventos, que pose\u00eda el 40% de los derechos federativos de Neymar, la Fiscal\u00eda de la Audiencia Nacional ha solicitado finalmente que se juzgue al jugador \u00a0y a su&nbsp;<a class=\"read-more\" href=\"https:\/\/javierperezvilla.com\/?p=2605\">Leer m\u00e1s<\/a><\/p>\n","protected":false},"author":1,"featured_media":0,"comment_status":"open","ping_status":"open","sticky":false,"template":"","format":"gallery","meta":{"footnotes":""},"categories":[79],"tags":[82,12,7,83],"class_list":["post-2605","post","type-post","status-publish","format-gallery","hentry","category-noticias-derecho-deportivo","tag-fraude-deportivo-11","tag-futbol","tag-noticias-2","tag-noticias-futbol","post_format-post-format-gallery"],"_links":{"self":[{"href":"https:\/\/javierperezvilla.com\/index.php?rest_route=\/wp\/v2\/posts\/2605","targetHints":{"allow":["GET"]}}],"collection":[{"href":"https:\/\/javierperezvilla.com\/index.php?rest_route=\/wp\/v2\/posts"}],"about":[{"href":"https:\/\/javierperezvilla.com\/index.php?rest_route=\/wp\/v2\/types\/post"}],"author":[{"embeddable":true,"href":"https:\/\/javierperezvilla.com\/index.php?rest_route=\/wp\/v2\/users\/1"}],"replies":[{"embeddable":true,"href":"https:\/\/javierperezvilla.com\/index.php?rest_route=%2Fwp%2Fv2%2Fcomments&post=2605"}],"version-history":[{"count":0,"href":"https:\/\/javierperezvilla.com\/index.php?rest_route=\/wp\/v2\/posts\/2605\/revisions"}],"wp:attachment":[{"href":"https:\/\/javierperezvilla.com\/index.php?rest_route=%2Fwp%2Fv2%2Fmedia&parent=2605"}],"wp:term":[{"taxonomy":"category","embeddable":true,"href":"https:\/\/javierperezvilla.com\/index.php?rest_route=%2Fwp%2Fv2%2Fcategories&post=2605"},{"taxonomy":"post_tag","embeddable":true,"href":"https:\/\/javierperezvilla.com\/index.php?rest_route=%2Fwp%2Fv2%2Ftags&post=2605"}],"curies":[{"name":"wp","href":"https:\/\/api.w.org\/{rel}","templated":true}]}}