{"id":262,"date":"2014-06-16T17:13:38","date_gmt":"2014-06-16T17:13:38","guid":{"rendered":"http:\/\/lossitiosabogados.com\/blog\/?p=262"},"modified":"2014-06-16T17:13:38","modified_gmt":"2014-06-16T17:13:38","slug":"hacienda-embarga-los-derechos-federativos-del-real-zaragoza","status":"publish","type":"post","link":"https:\/\/javierperezvilla.com\/?p=262","title":{"rendered":"Hacienda embarga los derechos federativos del Real Zaragoza"},"content":{"rendered":"<p style=\"text-align:justify;\">Las cosas se complican todav\u00eda un poco m\u00e1s en esta\u00a0historia que parece no tener fin, en la que se ha convertido la compra-venta del<strong> Real Zaragoza<\/strong> estos d\u00edas, ya que a todos los problemas que han surgido en los \u00faltimos tiempos, hay que sumar uno nuevo.<\/p>\n<p style=\"text-align:justify;\">Y es que el pasado\u00a011 de junio, saltaba a los medios de comunicaci\u00f3n la noticia de que la Agencia Tributaria hab\u00eda procedido al <strong>embargo<\/strong> de los <strong>derechos<\/strong> <strong>federativos\u00a0\u00a0<\/strong>que permiten participar al Real Zaragoza en la liga de f\u00fatbol,\u00a0debido a una deuda del club que est\u00e1 cifrada en 1,92 millones de euros . <img loading=\"lazy\" decoding=\"async\" class=\"aligncenter size-medium wp-image-263\" src=\"http:\/\/lossitiosabogados.com\/blog\/wp-content\/uploads\/2014\/06\/Real_Zaragoza_svg_logo.svg_-182x300.png\" alt=\"Real_Zaragoza_svg_logo.svg\" width=\"182\" height=\"300\" \/> Los nuevos accionistas se encuentran ante el reto de reunir los 8,1 millones de euros que ser\u00edan necesarios para poder hacer frente a la situaci\u00f3n en la que se encuentra el <strong>Real<\/strong> <strong>Zaragoza<\/strong> y poder cerrar el ejercicio econ\u00f3mico 2013-2014. Para poder cumplir este objetivo, tienen sus esperanzas puestas en acuerdos que pudiesen alcanzar con titulares de esta deuda, as\u00ed como en encontrar un grupo inversor adecuado que permita al club volver a trabajar con normalidad. Ahora solamente queda esperar que las negociaciones para encontrar a ese grupo inversor que pueda garantizar la continuidad del <strong>Real<\/strong> <strong>Zaragoza<\/strong> y un futuro m\u00e1s halag\u00fce\u00f1o que la presente situaci\u00f3n, lleguen a buen t\u00e9rmino y cerrar as\u00ed una cap\u00edtulo para olvidar en la historia del club.<\/p>\n<p>Sonia S\u00e1nchez Aramburo<\/p>\n","protected":false},"excerpt":{"rendered":"<p>Las cosas se complican todav\u00eda un poco m\u00e1s en esta\u00a0historia que parece no tener fin, en la que se ha convertido la compra-venta del Real Zaragoza estos d\u00edas, ya que a todos los problemas que han surgido en los \u00faltimos tiempos, hay que sumar uno&nbsp;<a class=\"read-more\" href=\"https:\/\/javierperezvilla.com\/?p=262\">Leer m\u00e1s<\/a><\/p>\n","protected":false},"author":1,"featured_media":0,"comment_status":"open","ping_status":"open","sticky":false,"template":"","format":"standard","meta":{"footnotes":""},"categories":[79],"tags":[15,16,18],"class_list":["post-262","post","type-post","status-publish","format-standard","hentry","category-noticias-derecho-deportivo","tag-derechos-federativos","tag-embargo-derechos-federativos","tag-real-zaragoza"],"_links":{"self":[{"href":"https:\/\/javierperezvilla.com\/index.php?rest_route=\/wp\/v2\/posts\/262","targetHints":{"allow":["GET"]}}],"collection":[{"href":"https:\/\/javierperezvilla.com\/index.php?rest_route=\/wp\/v2\/posts"}],"about":[{"href":"https:\/\/javierperezvilla.com\/index.php?rest_route=\/wp\/v2\/types\/post"}],"author":[{"embeddable":true,"href":"https:\/\/javierperezvilla.com\/index.php?rest_route=\/wp\/v2\/users\/1"}],"replies":[{"embeddable":true,"href":"https:\/\/javierperezvilla.com\/index.php?rest_route=%2Fwp%2Fv2%2Fcomments&post=262"}],"version-history":[{"count":0,"href":"https:\/\/javierperezvilla.com\/index.php?rest_route=\/wp\/v2\/posts\/262\/revisions"}],"wp:attachment":[{"href":"https:\/\/javierperezvilla.com\/index.php?rest_route=%2Fwp%2Fv2%2Fmedia&parent=262"}],"wp:term":[{"taxonomy":"category","embeddable":true,"href":"https:\/\/javierperezvilla.com\/index.php?rest_route=%2Fwp%2Fv2%2Fcategories&post=262"},{"taxonomy":"post_tag","embeddable":true,"href":"https:\/\/javierperezvilla.com\/index.php?rest_route=%2Fwp%2Fv2%2Ftags&post=262"}],"curies":[{"name":"wp","href":"https:\/\/api.w.org\/{rel}","templated":true}]}}