{"id":2622,"date":"2016-06-16T12:14:17","date_gmt":"2016-06-16T10:14:17","guid":{"rendered":"https:\/\/javierperezvilla.com\/?p=2622"},"modified":"2016-06-16T12:14:17","modified_gmt":"2016-06-16T10:14:17","slug":"el-barca-acuerda-un-pacto-con-la-fiscalia-por-el-caso-neymar","status":"publish","type":"post","link":"https:\/\/javierperezvilla.com\/?p=2622","title":{"rendered":"El Bar\u00e7a acuerda un pacto con la Fiscal\u00eda por el caso Neymar"},"content":{"rendered":"<p style=\"text-align:justify;\">El actual presidente del FC Barcelona, anunci\u00f3 que el club ha llegado a un acuerdo con la Fiscal\u00eda y la Abogac\u00eda del Estado en el proceso del <strong>caso Neymar<\/strong>.<a href=\"https:\/\/javierperezvilla.com\/wp-content\/uploads\/2016\/06\/barcelona-1070409_640-1.jpg\"><img loading=\"lazy\" decoding=\"async\" class=\"aligncenter size-full wp-image-2624\" src=\"https:\/\/javierperezvilla.com\/wp-content\/uploads\/2016\/06\/barcelona-1070409_640-1.jpg\" alt=\"\" width=\"640\" height=\"425\" \/><\/a><\/p>\n<p style=\"text-align:justify;\">As\u00ed pues, tanto Josep Mar\u00eda Bartomeu como Sandro Rosell, anterior presidente, quedar\u00edan exonerados en la causa y el club deber\u00eda pagar 5,5 millones de euros como sanci\u00f3n por un error de planificaci\u00f3n fiscal en el fichaje del jugador. Quedan igualmente anuladas las peticiones de prisi\u00f3n del fiscal de la Audiencia Nacional para ambos y las sanciones econ\u00f3micas.<\/p>\n<p style=\"text-align:justify;\">Fuente: <strong>Europa Press<\/strong><\/p>\n<p>Javier P\u00e9rez Villa<\/p>\n","protected":false},"excerpt":{"rendered":"<p>El actual presidente del FC Barcelona, anunci\u00f3 que el club ha llegado a un acuerdo con la Fiscal\u00eda y la Abogac\u00eda del Estado en el proceso del caso Neymar. As\u00ed pues, tanto Josep Mar\u00eda Bartomeu como Sandro Rosell, anterior presidente, quedar\u00edan exonerados en la causa&nbsp;<a class=\"read-more\" href=\"https:\/\/javierperezvilla.com\/?p=2622\">Leer m\u00e1s<\/a><\/p>\n","protected":false},"author":1,"featured_media":0,"comment_status":"open","ping_status":"open","sticky":false,"template":"","format":"gallery","meta":{"footnotes":""},"categories":[79],"tags":[12,7,83],"class_list":["post-2622","post","type-post","status-publish","format-gallery","hentry","category-noticias-derecho-deportivo","tag-futbol","tag-noticias-2","tag-noticias-futbol","post_format-post-format-gallery"],"_links":{"self":[{"href":"https:\/\/javierperezvilla.com\/index.php?rest_route=\/wp\/v2\/posts\/2622","targetHints":{"allow":["GET"]}}],"collection":[{"href":"https:\/\/javierperezvilla.com\/index.php?rest_route=\/wp\/v2\/posts"}],"about":[{"href":"https:\/\/javierperezvilla.com\/index.php?rest_route=\/wp\/v2\/types\/post"}],"author":[{"embeddable":true,"href":"https:\/\/javierperezvilla.com\/index.php?rest_route=\/wp\/v2\/users\/1"}],"replies":[{"embeddable":true,"href":"https:\/\/javierperezvilla.com\/index.php?rest_route=%2Fwp%2Fv2%2Fcomments&post=2622"}],"version-history":[{"count":0,"href":"https:\/\/javierperezvilla.com\/index.php?rest_route=\/wp\/v2\/posts\/2622\/revisions"}],"wp:attachment":[{"href":"https:\/\/javierperezvilla.com\/index.php?rest_route=%2Fwp%2Fv2%2Fmedia&parent=2622"}],"wp:term":[{"taxonomy":"category","embeddable":true,"href":"https:\/\/javierperezvilla.com\/index.php?rest_route=%2Fwp%2Fv2%2Fcategories&post=2622"},{"taxonomy":"post_tag","embeddable":true,"href":"https:\/\/javierperezvilla.com\/index.php?rest_route=%2Fwp%2Fv2%2Ftags&post=2622"}],"curies":[{"name":"wp","href":"https:\/\/api.w.org\/{rel}","templated":true}]}}